{"id":43324,"date":"2026-09-05T13:33:32","date_gmt":"2026-09-05T13:33:32","guid":{"rendered":"https:\/\/puntal-editorialfundamento.cms.api.thinkindot.com\/c264308"},"modified":"2026-09-05T13:33:32","modified_gmt":"2026-09-05T13:33:32","slug":"grich-sobre-el-futuro-de-la-ucr-unidos-podemos-demostrar-que-somos-capaces-de-gobernar-cordoba","status":"publish","type":"post","link":"https:\/\/ritmocordoba.com\/?p=43324","title":{"rendered":"Grich sobre el futuro de la UCR: &#8220;Unidos podemos demostrar que somos capaces de gobernar C\u00f3rdoba&#8221;"},"content":{"rendered":"\n<div><img decoding=\"async\" src=\"http:\/\/ritmocordoba.com\/wp-content\/uploads\/2026\/09\/grich-sobre-el-futuro-de-la-ucr-unidos-podemos-demostrar-que-somos-capaces-de-gobernar-cordoba.jpg\" class=\"ff-og-image-inserted\"><\/div>\n<div class=\"cuerpo\" data-twitter-link readability=\"24\">\n<p id=\"p-1788614998352-85884\"> Sobre el sector agropecuario, el legislador destac\u00f3 el rol central que tiene el campo para la econom\u00eda cordobesa y nacional. Se\u00f1al\u00f3 que, si bien el escenario macroecon\u00f3mico muestra se\u00f1ales positivas vinculadas al comercio internacional, esos beneficios todav\u00eda no se traducen en el bolsillo de los trabajadores.<\/p>\n<p id=\"p-1788614998352-7111\">En la microeconom\u00eda todav\u00eda falta que lleguen esos recursos al bolsillo de todos los cordobeses, de todos los argentinos. Esperemos que en los pr\u00f3ximos meses esto se empiece a revertir y lo que est\u00e1 pasando en la macro empiece a mostrarse y a verse y a palparse en la micro que tanto le hace falta a la gente trabajadora.<\/p>\n<p id=\"p-1788614998352-73700\">Grich cerr\u00f3 su postura con una visi\u00f3n optimista sobre el futuro del partido: afirm\u00f3 estar convencido de que la UCR no solo tiene capacidad para gobernar pueblos y ciudades, sino tambi\u00e9n para competir por la provincia de C\u00f3rdoba.<\/p>\n<\/p><\/div>\n","protected":false},"excerpt":{"rendered":"\n<p id=\"p-1788614978993-54002\" class=\"ignore-parser\">El legislador provincial de la UCR Ariel Grich recorri\u00f3 la exposici\u00f3n rural y se refiri\u00f3 a la situaci\u00f3n econ\u00f3mica del pa\u00eds, adem\u00e1s de dar detalles sobre la resoluci\u00f3n judicial que defini\u00f3 la conducci\u00f3n del partido en la provincia.<\/p>\n","protected":false},"author":1,"featured_media":43325,"comment_status":"closed","ping_status":"closed","sticky":false,"template":"","format":"standard","meta":{"footnotes":""},"categories":[26],"tags":[],"_links":{"self":[{"href":"https:\/\/ritmocordoba.com\/index.php?rest_route=\/wp\/v2\/posts\/43324"}],"collection":[{"href":"https:\/\/ritmocordoba.com\/index.php?rest_route=\/wp\/v2\/posts"}],"about":[{"href":"https:\/\/ritmocordoba.com\/index.php?rest_route=\/wp\/v2\/types\/post"}],"author":[{"embeddable":true,"href":"https:\/\/ritmocordoba.com\/index.php?rest_route=\/wp\/v2\/users\/1"}],"replies":[{"embeddable":true,"href":"https:\/\/ritmocordoba.com\/index.php?rest_route=%2Fwp%2Fv2%2Fcomments&post=43324"}],"version-history":[{"count":0,"href":"https:\/\/ritmocordoba.com\/index.php?rest_route=\/wp\/v2\/posts\/43324\/revisions"}],"wp:featuredmedia":[{"embeddable":true,"href":"https:\/\/ritmocordoba.com\/index.php?rest_route=\/wp\/v2\/media\/43325"}],"wp:attachment":[{"href":"https:\/\/ritmocordoba.com\/index.php?rest_route=%2Fwp%2Fv2%2Fmedia&parent=43324"}],"wp:term":[{"taxonomy":"category","embeddable":true,"href":"https:\/\/ritmocordoba.com\/index.php?rest_route=%2Fwp%2Fv2%2Fcategories&post=43324"},{"taxonomy":"post_tag","embeddable":true,"href":"https:\/\/ritmocordoba.com\/index.php?rest_route=%2Fwp%2Fv2%2Ftags&post=43324"}],"curies":[{"name":"wp","href":"https:\/\/api.w.org\/{rel}","templated":true}]}}