{"id":43320,"date":"2026-09-04T18:50:25","date_gmt":"2026-09-04T18:50:25","guid":{"rendered":"http:\/\/6a9b115449a36c94ec2ea3da"},"modified":"2026-09-04T18:50:25","modified_gmt":"2026-09-04T18:50:25","slug":"llega-un-nuevo-encuentro-de-motos-clasicas-y-antiguas-en-frontera-grilla-de-actividades","status":"publish","type":"post","link":"https:\/\/ritmocordoba.com\/?p=43320","title":{"rendered":"Llega un nuevo Encuentro de Motos Cl\u00e1sicas y Antiguas en Frontera: grilla de actividades"},"content":{"rendered":"\n<div class=\"media_block\"><img decoding=\"async\" src=\"http:\/\/ritmocordoba.com\/wp-content\/uploads\/2026\/09\/llega-un-nuevo-encuentro-de-motos-clasicas-y-antiguas-en-frontera-grilla-de-actividades.jpg\"><\/div>\n<div><img decoding=\"async\" src=\"https:\/\/periodico-app.tadevel-cdn.com\/hostname\/el-periodico.com.ar\/api\/v1\/image\/article\/6a9b115449a36c94ec2ea3da\/facebook?v=363abe1e88f28981a01c8939caa6baa5&amp;s=1f7e3500c880423238347e4b69af1f5b\" class=\"ff-og-image-inserted\"><\/div>\n<p><tadevel-ad sizes=\"336x280-300x300-300x250-300x200-300x100, 728x90-336x280-300x300-300x250-300x200-300x100 1024w\" slot-id=\"article-content-01\"><\/tadevel-ad><\/p>\n<p>Este s\u00e1bado 5 y domingo 6 de septiembre se realiza la 12\u00b0 Expo Encuentro de Motos Cl\u00e1sicas y Antiguas, organizada por la Agrupaci\u00f3n Motera &#8220;Rugir Frontera&#8221;. La propuesta reunir\u00e1 a aficionados, coleccionistas y agrupaciones moteras de la regi\u00f3n.&nbsp;<\/p>\n<p>Durante todo el encuentro, &#8220;Rugir Frontera&#8221; tendr\u00e1 a su cargo el servicio de cantina y buffet. Tambi\u00e9n habr\u00e1 exposici\u00f3n de motos, juegos recreativos, feria de emprendedores, bandas musicales, todo en el Polideportivo de Frontera y una caravana por las calles.<\/p>\n<p><tadevel-ad sizes=\"336x280-300x300-300x250-300x200-300x100, 728x90-336x280-300x300-300x250-300x200-300x100 1024w\" slot-id=\"article-content-02\"><\/tadevel-ad><\/p>\n<p>La jornada del s\u00e1bado comenzar\u00e1 a las 10 con la apertura de la exposici\u00f3n de motos cl\u00e1sicas y antiguas. A las 13 se realizar\u00e1n juegos recreativos, y a las 14, la feria de emprendedores junto con bandas musicales.<\/p>\n<p>A las 15 se dictar\u00e1 la capacitaci\u00f3n &#8220;Manejo Seguro de Moto&#8221;, de car\u00e1cter gratuito y con entrega de certificado. Para participar ser\u00e1 necesario concurrir con licencia de conducir, seguro de moto, casco y moto en condiciones, con inscripci\u00f3n previa al 3564-521587.<\/p>\n<p><tadevel-ad sizes=\"336x280-300x300-300x250-300x200-300x100, 728x90-336x280-300x300-300x250-300x200-300x100 1024w\" slot-id=\"article-content-03\"><\/tadevel-ad><\/p>\n<p>Por la noche, a las 19:30, se realizar\u00e1 la quema de la Moto Momo, con la participaci\u00f3n de Bomberos Voluntarios de Frontera, y a las 21 se llevar\u00e1 adelante la cena de camarader\u00eda motera.<\/p>\n<p>El domingo la apertura al p\u00fablico ser\u00e1 a las 10, seguida de la feria de emprendedores a las 11. A las 11:30 se realizar\u00e1 la caravana motera y a las 13, el almuerzo.&nbsp;<\/p>\n<p>A las 14 se realizar\u00e1 la entrega de presentes y distinciones a los moteros, con la presencia del intendente, y a las 14:30 se presentar\u00e1 el show musical a cargo de Jos\u00e9 Turina.<\/p>\n<p><tadevel-ad sizes=\"336x280-300x300-300x250-300x200-300x100, 728x90-336x280-300x300-300x250-300x200-300x100 1024w\" slot-id=\"article-content-04\"><\/tadevel-ad> <\/p>\n","protected":false},"excerpt":{"rendered":"\n<div class=\"media_block\"><img decoding=\"async\" src=\"http:\/\/ritmocordoba.com\/wp-content\/uploads\/2026\/09\/llega-un-nuevo-encuentro-de-motos-clasicas-y-antiguas-en-frontera-grilla-de-actividades.jpg\"><\/div>\n<p>La Agrupaci\u00f3n Motera \u201cRugir Frontera\u201d recibir\u00e1 a aficionados y visitantes en la cl\u00e1sica exposici\u00f3n de motos. Tambi\u00e9n habr\u00e1 feria de emprendedores y espect\u00e1culos musicales en el predio del Polideportivo.  <\/p>\n","protected":false},"author":1,"featured_media":43321,"comment_status":"closed","ping_status":"closed","sticky":false,"template":"","format":"standard","meta":{"footnotes":""},"categories":[19],"tags":[],"_links":{"self":[{"href":"https:\/\/ritmocordoba.com\/index.php?rest_route=\/wp\/v2\/posts\/43320"}],"collection":[{"href":"https:\/\/ritmocordoba.com\/index.php?rest_route=\/wp\/v2\/posts"}],"about":[{"href":"https:\/\/ritmocordoba.com\/index.php?rest_route=\/wp\/v2\/types\/post"}],"author":[{"embeddable":true,"href":"https:\/\/ritmocordoba.com\/index.php?rest_route=\/wp\/v2\/users\/1"}],"replies":[{"embeddable":true,"href":"https:\/\/ritmocordoba.com\/index.php?rest_route=%2Fwp%2Fv2%2Fcomments&post=43320"}],"version-history":[{"count":0,"href":"https:\/\/ritmocordoba.com\/index.php?rest_route=\/wp\/v2\/posts\/43320\/revisions"}],"wp:featuredmedia":[{"embeddable":true,"href":"https:\/\/ritmocordoba.com\/index.php?rest_route=\/wp\/v2\/media\/43321"}],"wp:attachment":[{"href":"https:\/\/ritmocordoba.com\/index.php?rest_route=%2Fwp%2Fv2%2Fmedia&parent=43320"}],"wp:term":[{"taxonomy":"category","embeddable":true,"href":"https:\/\/ritmocordoba.com\/index.php?rest_route=%2Fwp%2Fv2%2Fcategories&post=43320"},{"taxonomy":"post_tag","embeddable":true,"href":"https:\/\/ritmocordoba.com\/index.php?rest_route=%2Fwp%2Fv2%2Ftags&post=43320"}],"curies":[{"name":"wp","href":"https:\/\/api.w.org\/{rel}","templated":true}]}}