{"id":43319,"date":"2026-09-05T17:54:33","date_gmt":"2026-09-05T17:54:33","guid":{"rendered":"https:\/\/cultura.cordoba.gob.ar\/?p=25785"},"modified":"2026-09-05T17:54:33","modified_gmt":"2026-09-05T17:54:33","slug":"40-10-una-convocatoria-de-subte-para-celebrar-cuatro-decadas-de-la-feria-del-libro-cordoba","status":"publish","type":"post","link":"https:\/\/ritmocordoba.com\/?p=43319","title":{"rendered":"40\/10: una convocatoria de SUBTE para celebrar cuatro d\u00e9cadas de la Feria del Libro C\u00f3rdoba"},"content":{"rendered":"\n<p><b>En el marco de la 40.\u00aa Feria del Libro C\u00f3rdoba, SUBTE celebra sus 10 a\u00f1os con una convocatoria dirigida a historietistas, ilustradores, artistas y escritores. Las propuestas seleccionadas formar\u00e1n parte de una publicaci\u00f3n conmemorativa sobre cuatro d\u00e9cadas de historias, voces y transformaciones de la ciudad y su escena cultural y editorial.&nbsp;<\/b><\/p>\n<p><span>La Secretar\u00eda de Fortalecimiento Vecinal, Cultura y Deportes invita a participar de la convocatoria \u201c40\/10\u201d, una propuesta para celebrar los 40 a\u00f1os de la Feria del Libro C\u00f3rdoba y los primeros diez de SUBTE. La iniciativa busca reunir obras para una publicaci\u00f3n conmemorativa que recupere distintas historias, miradas y voces vinculadas a la Feria, la ciudad y su escena cultural y editorial.<\/span><\/p>\n<p><span>El ciclo surgi\u00f3 hace diez a\u00f1os a partir de la necesidad de acompa\u00f1ar el crecimiento de la creaci\u00f3n y publicaci\u00f3n de historietas en C\u00f3rdoba y en el pa\u00eds, generando dentro de la Feria un espacio para nuevos p\u00fablicos, narrativas y lenguajes. En este aniversario, la propuesta vuelve sobre ese esp\u00edritu para poner en di\u00e1logo la historia del espacio con las cuatro d\u00e9cadas de la FLC.&nbsp;<\/span><\/p>\n<p><span>La convocatoria est\u00e1 dirigida a historietistas, ilustradores, artistas y escritores, quienes podr\u00e1n presentar historietas, relatos gr\u00e1ficos, ilustraciones o textos breves. Las obras deber\u00e1n tomar como eje los 40 a\u00f1os de la Feria del Libro C\u00f3rdoba y podr\u00e1n abordar, desde una mirada libre y personal, las transformaciones de la ciudad, artistas y escritores cordobeses, hitos culturales e hist\u00f3ricos, distintas ediciones de la Feria, el sector editorial local o escenas, personajes y recuerdos vinculados a la vida cultural de C\u00f3rdoba.<\/span><\/p>\n<p><span>Los trabajos deber\u00e1n situarse temporalmente a partir de 1986 y tener una referencia directa o indirecta a la ciudad, a la Feria del Libro o al \u00e1mbito editorial y cultural cordob\u00e9s.<\/span><\/p>\n<p><span>Las propuestas ser\u00e1n evaluadas por un comit\u00e9 integrado por la coordinaci\u00f3n de SUBTE y la Editorial Municipal. Los trabajos seleccionados formar\u00e1n parte de una publicaci\u00f3n impresa y de distribuci\u00f3n gratuita, que ser\u00e1 presentada durante la 40.\u00aa Feria del Libro C\u00f3rdoba, en el marco del ciclo de historietas.<\/span><\/p>\n<p><span>Hay tiempo para participar hasta el 20 de septiembre. La postulaci\u00f3n es exclusivamente digital y deber\u00e1 realizarse enviando la obra y la documentaci\u00f3n solicitada al correo espaciosubte@gmail.com, con el asunto \u201cPublicaci\u00f3n 40\/10\u201d.<\/span><\/p>\n<p><span>Las obras deber\u00e1n ser originales y de autor\u00eda de quien se presenta. Para conocer las bases y condiciones completas de la convocatoria, ingresar al siguiente enlace: <\/span><a href=\"https:\/\/drive.google.com\/file\/d\/1EOmcKPDdtaU9AZjwS1XBYBb3iaz6YhI5\/view?usp=sharing\"><span>Bases y condiciones 40\/10<\/span><\/a><span>.&nbsp;<\/span><\/p>\n","protected":false},"excerpt":{"rendered":"<p> En el marco de la 40.\u00aa Feria del Libro C\u00f3rdoba, SUBTE celebra sus 10 a\u00f1os con una convocatoria dirigida a historietistas, ilustradores, artistas y escritores. Las propuestas seleccionadas formar\u00e1n parte [&#8230;]  <\/p>\n","protected":false},"author":1,"featured_media":0,"comment_status":"closed","ping_status":"closed","sticky":false,"template":"","format":"standard","meta":{"footnotes":""},"categories":[20,19],"tags":[381,382,28],"_links":{"self":[{"href":"https:\/\/ritmocordoba.com\/index.php?rest_route=\/wp\/v2\/posts\/43319"}],"collection":[{"href":"https:\/\/ritmocordoba.com\/index.php?rest_route=\/wp\/v2\/posts"}],"about":[{"href":"https:\/\/ritmocordoba.com\/index.php?rest_route=\/wp\/v2\/types\/post"}],"author":[{"embeddable":true,"href":"https:\/\/ritmocordoba.com\/index.php?rest_route=\/wp\/v2\/users\/1"}],"replies":[{"embeddable":true,"href":"https:\/\/ritmocordoba.com\/index.php?rest_route=%2Fwp%2Fv2%2Fcomments&post=43319"}],"version-history":[{"count":0,"href":"https:\/\/ritmocordoba.com\/index.php?rest_route=\/wp\/v2\/posts\/43319\/revisions"}],"wp:attachment":[{"href":"https:\/\/ritmocordoba.com\/index.php?rest_route=%2Fwp%2Fv2%2Fmedia&parent=43319"}],"wp:term":[{"taxonomy":"category","embeddable":true,"href":"https:\/\/ritmocordoba.com\/index.php?rest_route=%2Fwp%2Fv2%2Fcategories&post=43319"},{"taxonomy":"post_tag","embeddable":true,"href":"https:\/\/ritmocordoba.com\/index.php?rest_route=%2Fwp%2Fv2%2Ftags&post=43319"}],"curies":[{"name":"wp","href":"https:\/\/api.w.org\/{rel}","templated":true}]}}