{"id":43301,"date":"2026-09-04T21:15:38","date_gmt":"2026-09-04T21:15:38","guid":{"rendered":"https:\/\/www.radioestacion.com.ar\/?p=420426"},"modified":"2026-09-04T21:15:38","modified_gmt":"2026-09-04T21:15:38","slug":"este-domingo-finaliza-el-ciclo-teatreando-con-el-estreno-de-viajeras","status":"publish","type":"post","link":"https:\/\/ritmocordoba.com\/?p=43301","title":{"rendered":"Este domingo finaliza el ciclo Teatreando con el estreno de \u201cViajeras\u201d"},"content":{"rendered":"\n<div><img decoding=\"async\" src=\"http:\/\/ritmocordoba.com\/wp-content\/uploads\/2026\/09\/este-domingo-finaliza-el-ciclo-teatreando-con-el-estreno-de-viajeras.jpg\" class=\"ff-og-image-inserted\"><\/div>\n<h3><strong>El Taller Municipal de Teatro cerrar\u00e1 este domingo 6 de septiembre el Ciclo Teatreando 2026 con el estreno de \u201cViajeras\u201d. La funci\u00f3n comenzar\u00e1 a las 20 horas en el Centro Cultural San Francisco y tendr\u00e1 entrada a la gorra.<\/strong><\/h3>\n<p>El pr\u00f3ximo <strong>domingo 6 de septiembre<\/strong> llegar\u00e1 a su fin el <strong>Ciclo Teatreando 2026<\/strong>, organizado por el <strong>Taller Municipal de Teatro<\/strong>, dependiente de la Direcci\u00f3n de Cultura de la Municipalidad de San Francisco.<\/p>\n<p>Para el cierre, el elenco anfitri\u00f3n, bajo la coordinaci\u00f3n de su director <strong>Eric Flores<\/strong>, presentar\u00e1 el estreno de <strong>\u201cViajeras\u201d<\/strong>, una nueva propuesta teatral que podr\u00e1 disfrutarse desde las <strong>20 horas<\/strong> en el <strong>Centro Cultural San Francisco<\/strong>, ubicado en <strong>Mitre esquina Paso<\/strong>.<\/p>\n<p>A diferencia de las funciones anteriores, la presentaci\u00f3n del Taller Municipal de Teatro contar\u00e1 con <strong>entrada a la gorra<\/strong>, invitando a los vecinos a acompa\u00f1ar esta \u00faltima jornada del ciclo.<\/p>\n<p>Durante <strong>cinco domingos consecutivos<\/strong>, Teatreando ofreci\u00f3 una programaci\u00f3n diversa, con la participaci\u00f3n de compa\u00f1\u00edas y elencos locales e invitados. La cartelera incluy\u00f3 propuestas como <strong>Atm\u00f3sferas vivas<\/strong>, de Teatro Psicom\u00e1gico; <strong>El malentendido<\/strong>, de La Puerta; <strong>Diarios de (in\/e) migrantes<\/strong>, de La Cantata Piemontesa; y <strong>Zona de Demolici\u00f3n<\/strong>, de Tr\u00edplica Teatro.<\/p>\n<p>De esta manera, el ciclo se consolid\u00f3 como un <strong>espacio de encuentro entre artistas y p\u00fablico<\/strong>, promoviendo las artes esc\u00e9nicas, la producci\u00f3n teatral regional y la formaci\u00f3n de nuevas audiencias.<\/p>\n<p>Con el estreno de <strong>\u201cViajeras\u201d<\/strong>, el Taller Municipal de Teatro pondr\u00e1 el cierre a una nueva edici\u00f3n de <strong>Teatreando<\/strong>, reafirmando el lugar del teatro como una herramienta de expresi\u00f3n, reflexi\u00f3n y encuentro comunitario.<\/p>\n<blockquote class=\"wp-embedded-content\" data-secret=\"u4h572orW7\">\n<p><a href=\"https:\/\/www.radioestacion.com.ar\/19-motos-secuestradas-en-un-control-interfuerzas-en-barrio-catedral\/\">19 motos secuestradas en un control interfuerzas en barrio Catedral<\/a><\/p>\n<\/blockquote>\n","protected":false},"excerpt":{"rendered":"<p> El Taller Municipal de Teatro cerrar\u00e1 este domingo 6 de septiembre el Ciclo Teatreando 2026 con el estreno de \u201cViajeras\u201d. La funci\u00f3n comenzar\u00e1 a las 20 horas en el Centro Cultural San Francisco y tendr\u00e1 entrada a la gorra. El pr\u00f3ximo domingo 6 de septiembre llegar\u00e1 a su fin el Ciclo Teatreando 2026, organizado por [&#8230;]<\/p>\n<p><a href=\"https:\/\/www.radioestacion.com.ar\/este-domingo-finaliza-el-ciclo-teatreando-con-el-estreno-de-viajeras\/\">Fuente<\/a><\/p>\n","protected":false},"author":1,"featured_media":43302,"comment_status":"closed","ping_status":"closed","sticky":false,"template":"","format":"standard","meta":{"footnotes":""},"categories":[20],"tags":[],"_links":{"self":[{"href":"https:\/\/ritmocordoba.com\/index.php?rest_route=\/wp\/v2\/posts\/43301"}],"collection":[{"href":"https:\/\/ritmocordoba.com\/index.php?rest_route=\/wp\/v2\/posts"}],"about":[{"href":"https:\/\/ritmocordoba.com\/index.php?rest_route=\/wp\/v2\/types\/post"}],"author":[{"embeddable":true,"href":"https:\/\/ritmocordoba.com\/index.php?rest_route=\/wp\/v2\/users\/1"}],"replies":[{"embeddable":true,"href":"https:\/\/ritmocordoba.com\/index.php?rest_route=%2Fwp%2Fv2%2Fcomments&post=43301"}],"version-history":[{"count":0,"href":"https:\/\/ritmocordoba.com\/index.php?rest_route=\/wp\/v2\/posts\/43301\/revisions"}],"wp:featuredmedia":[{"embeddable":true,"href":"https:\/\/ritmocordoba.com\/index.php?rest_route=\/wp\/v2\/media\/43302"}],"wp:attachment":[{"href":"https:\/\/ritmocordoba.com\/index.php?rest_route=%2Fwp%2Fv2%2Fmedia&parent=43301"}],"wp:term":[{"taxonomy":"category","embeddable":true,"href":"https:\/\/ritmocordoba.com\/index.php?rest_route=%2Fwp%2Fv2%2Fcategories&post=43301"},{"taxonomy":"post_tag","embeddable":true,"href":"https:\/\/ritmocordoba.com\/index.php?rest_route=%2Fwp%2Fv2%2Ftags&post=43301"}],"curies":[{"name":"wp","href":"https:\/\/api.w.org\/{rel}","templated":true}]}}