{"id":43299,"date":"2026-09-04T20:30:53","date_gmt":"2026-09-04T20:30:53","guid":{"rendered":"https:\/\/puntal-editorialfundamento.cms.api.thinkindot.com\/c264280"},"modified":"2026-09-04T20:30:53","modified_gmt":"2026-09-04T20:30:53","slug":"llaryora-no-puede-sostener-la-macroeconomia-con-la-paz-de-los-cementerios","status":"publish","type":"post","link":"https:\/\/ritmocordoba.com\/?p=43299","title":{"rendered":"Llaryora: &#8220;No puede sostener la macroeconom\u00eda con la paz de los cementerios&#8221;"},"content":{"rendered":"\n<div><img decoding=\"async\" src=\"http:\/\/ritmocordoba.com\/wp-content\/uploads\/2026\/09\/llaryora-no-puede-sostener-la-macroeconomia-con-la-paz-de-los-cementerios.png\" class=\"ff-og-image-inserted\"><\/div>\n<div class=\"cuerpo\" data-twitter-link readability=\"50\">\n<p id=\"p-1788553733704-90519\" class> \u201cNo puede solucionar la macroeconom\u00eda con la paz de los cementerios\u201d, afirm\u00f3 el mandatario, al plantear que la estabilizaci\u00f3n de las cuentas p\u00fablicas debe estar acompa\u00f1ada por un plan productivo que permita sostener la actividad y generar empleo.<\/p>\n<p id=\"p-1788553733704-76639\" class>Llaryora describi\u00f3 una cadena de consecuencias que, seg\u00fan sostuvo, se retroalimentan: la ca\u00edda de recursos impacta en la actividad econ\u00f3mica, provoca el cierre de pymes y genera p\u00e9rdida de puestos de trabajo. A su vez, cuando las familias quedan sin empleo, pierden cobertura de salud, se endeudan y reducen el consumo, lo que vuelve a afectar al comercio local. \u201cCuando las familias est\u00e1n endeudadas, naturalmente no pueden consumir\u201d, se\u00f1al\u00f3.<\/p>\n<h2 id=\"p-1788553733704-46478\">Miner\u00eda, gas y petr\u00f3leo: motores que no alcanzan solos<\/h2>\n<p id=\"p-1788553733704-15181\" class>Durante la conferencia, Llaryora tambi\u00e9n se refiri\u00f3 al desarrollo de la miner\u00eda, el gas y el petr\u00f3leo como sectores con potencial para impulsar la econom\u00eda. Reconoci\u00f3 que son \u201cnuevos motores que se encienden\u201d y record\u00f3 que desde su gesti\u00f3n acompa\u00f1\u00f3 ese proceso.<\/p>\n<p id=\"p-1788553733704-15147\" class>Sin embargo, advirti\u00f3 que el crecimiento de estas actividades no garantiza por s\u00ed mismo un impacto positivo sobre las peque\u00f1as y medianas empresas. \u201cCreer que esos nuevos motores que se encienden de la econom\u00eda directamente se trasladan a la pyme, eso no sucede en ning\u00fan lugar\u201d, afirm\u00f3.<\/p>\n<p id=\"p-1788553733704-20952\" class>En ese sentido, plante\u00f3 la necesidad de implementar pol\u00edticas que permitan una articulaci\u00f3n r\u00e1pida entre estos sectores y las pymes, para evitar que el cambio de modelo econ\u00f3mico deje a empresas y trabajadores fuera del nuevo esquema productivo.<\/p>\n<p id=\"p-1788553733704-73975\">Por \u00faltimo, el gobernador reafirm\u00f3 su postura respecto de la causa Malvinas y sostuvo que se trata de un tema que \u201cune a los argentinos\u201d, por lo que asegur\u00f3 que mantiene la posici\u00f3n que defendi\u00f3 hist\u00f3ricamente.<\/p>\n<\/p><\/div>\n","protected":false},"excerpt":{"rendered":"\n<p id=\"p-1788553724314-61259\" class=\"ignore-parser\">El gobernador de C\u00f3rdoba cuestion\u00f3 la falta de un plan productivo que acompa\u00f1e el ajuste macroecon\u00f3mico y alert\u00f3 sobre el impacto en el empleo, en pymes y en el consumo<\/p>\n","protected":false},"author":1,"featured_media":43300,"comment_status":"closed","ping_status":"closed","sticky":false,"template":"","format":"standard","meta":{"footnotes":""},"categories":[26],"tags":[],"_links":{"self":[{"href":"https:\/\/ritmocordoba.com\/index.php?rest_route=\/wp\/v2\/posts\/43299"}],"collection":[{"href":"https:\/\/ritmocordoba.com\/index.php?rest_route=\/wp\/v2\/posts"}],"about":[{"href":"https:\/\/ritmocordoba.com\/index.php?rest_route=\/wp\/v2\/types\/post"}],"author":[{"embeddable":true,"href":"https:\/\/ritmocordoba.com\/index.php?rest_route=\/wp\/v2\/users\/1"}],"replies":[{"embeddable":true,"href":"https:\/\/ritmocordoba.com\/index.php?rest_route=%2Fwp%2Fv2%2Fcomments&post=43299"}],"version-history":[{"count":0,"href":"https:\/\/ritmocordoba.com\/index.php?rest_route=\/wp\/v2\/posts\/43299\/revisions"}],"wp:featuredmedia":[{"embeddable":true,"href":"https:\/\/ritmocordoba.com\/index.php?rest_route=\/wp\/v2\/media\/43300"}],"wp:attachment":[{"href":"https:\/\/ritmocordoba.com\/index.php?rest_route=%2Fwp%2Fv2%2Fmedia&parent=43299"}],"wp:term":[{"taxonomy":"category","embeddable":true,"href":"https:\/\/ritmocordoba.com\/index.php?rest_route=%2Fwp%2Fv2%2Fcategories&post=43299"},{"taxonomy":"post_tag","embeddable":true,"href":"https:\/\/ritmocordoba.com\/index.php?rest_route=%2Fwp%2Fv2%2Ftags&post=43299"}],"curies":[{"name":"wp","href":"https:\/\/api.w.org\/{rel}","templated":true}]}}