{"id":43295,"date":"2026-09-04T18:08:14","date_gmt":"2026-09-04T18:08:14","guid":{"rendered":"http:\/\/5a47bddceacf7535d5357d0ffd061afe"},"modified":"2026-09-04T18:08:14","modified_gmt":"2026-09-04T18:08:14","slug":"bullrich-una-cosa-es-thatcher-economista-y-otra-es-thatcher-en-la-guerra","status":"publish","type":"post","link":"https:\/\/ritmocordoba.com\/?p=43295","title":{"rendered":"Bullrich: &#8220;Una cosa es Thatcher economista y otra es Thatcher en la guerra&#8221;"},"content":{"rendered":"\n<div class=\"media_block\"><img decoding=\"async\" src=\"http:\/\/ritmocordoba.com\/wp-content\/uploads\/2026\/09\/bullrich-una-cosa-es-thatcher-economista-y-otra-es-thatcher-en-la-guerra.jpg\"><\/div>\n<div><img decoding=\"async\" src=\"http:\/\/ritmocordoba.com\/wp-content\/uploads\/2026\/09\/bullrich-una-cosa-es-thatcher-economista-y-otra-es-thatcher-en-la-guerra-1.jpg\" class=\"ff-og-image-inserted\"><\/div>\n<p>Patricia Bullrich sali\u00f3 a justificar la admiraci\u00f3n de Javier Milei por Margaret Thatcher, en medio del giro pro Malvinas del presidente.<\/p>\n<p>&#8220;La mirada hacia Thatcher es una mirada respecto al cambio econ\u00f3mico que Thatcher produjo en Inglaterra, que todos los ingleses lo reconocen&#8221;, dijo la jefa de bloque de senadores de La Libertad Avanza.<\/p>\n<p>&#8220;De un cambio de una sociedad llena de paros, con problemas, con una industria acabada, a una sociedad moderna, la capital financiera del mundo&#8221;, dijo Bullrich a Radio Mitre. <\/p>\n<p>&#8220;Ese cambio que hizo Thatcher en la econom\u00eda mejor\u00f3 la vida de todos los ingleses. Entonces, una cosa es Thatcher economista, otra cosa es Thatcher aprovechando ese momento y poni\u00e9ndose al frente de la guerra&#8221;, diferenci\u00f3 la ex ministra, en una contorsi\u00f3n digna de un acr\u00f3bata.<\/p>\n<p>Bullrich dijo que la estrategia de Thatcher deb\u00eda ser o &#8220;la invasi\u00f3n a las Malvinas o el contestar lo que fue la invasi\u00f3n a las Malvinas que realiz\u00f3 Galtieri&#8221;. &#8220;Galtieri es un personaje nefasto, alguien que le hizo muy mal a la Argentina, que termin\u00f3 robando la esperanza de todos los argentinos&#8221;, dijo.<\/p>\n<p>Se trata de un giro discursivo tambi\u00e9n para Bullrich, que en 2021, en medio de la pandemia, cuestion\u00f3 al gobierno de Alberto Fern\u00e1ndez por no cerrar un contrato con el laboratorio norteamericano Pfizer. &#8220;Les podr\u00edamos haber dado las Islas Malvinas&#8221;, dijo, proponiendo<a href=\"https:\/\/www.lapoliticaonline.com\/nota\/133718-patricia-le-podriamos-haber-dado-las-islas-malvinas-a-pfizer\/\" target=\"_blank\" rel=\"noopener\"> un trueque por las vacunas<\/a> contra el coronavirus.&nbsp;<\/p>\n","protected":false},"excerpt":{"rendered":"\n<div class=\"media_block\"><img decoding=\"async\" src=\"http:\/\/ritmocordoba.com\/wp-content\/uploads\/2026\/09\/bullrich-una-cosa-es-thatcher-economista-y-otra-es-thatcher-en-la-guerra.jpg\"><\/div>\n<p>En una pirueta para justificar la admiraci\u00f3n de Milei por la criminal de guerra brit\u00e1nica, Patricia dijo que &#8220;en la econom\u00eda mejor\u00f3 la vida de todos los ingleses&#8221;.  <\/p>\n","protected":false},"author":1,"featured_media":43296,"comment_status":"closed","ping_status":"closed","sticky":false,"template":"","format":"standard","meta":{"footnotes":""},"categories":[26],"tags":[],"_links":{"self":[{"href":"https:\/\/ritmocordoba.com\/index.php?rest_route=\/wp\/v2\/posts\/43295"}],"collection":[{"href":"https:\/\/ritmocordoba.com\/index.php?rest_route=\/wp\/v2\/posts"}],"about":[{"href":"https:\/\/ritmocordoba.com\/index.php?rest_route=\/wp\/v2\/types\/post"}],"author":[{"embeddable":true,"href":"https:\/\/ritmocordoba.com\/index.php?rest_route=\/wp\/v2\/users\/1"}],"replies":[{"embeddable":true,"href":"https:\/\/ritmocordoba.com\/index.php?rest_route=%2Fwp%2Fv2%2Fcomments&post=43295"}],"version-history":[{"count":0,"href":"https:\/\/ritmocordoba.com\/index.php?rest_route=\/wp\/v2\/posts\/43295\/revisions"}],"wp:featuredmedia":[{"embeddable":true,"href":"https:\/\/ritmocordoba.com\/index.php?rest_route=\/wp\/v2\/media\/43296"}],"wp:attachment":[{"href":"https:\/\/ritmocordoba.com\/index.php?rest_route=%2Fwp%2Fv2%2Fmedia&parent=43295"}],"wp:term":[{"taxonomy":"category","embeddable":true,"href":"https:\/\/ritmocordoba.com\/index.php?rest_route=%2Fwp%2Fv2%2Fcategories&post=43295"},{"taxonomy":"post_tag","embeddable":true,"href":"https:\/\/ritmocordoba.com\/index.php?rest_route=%2Fwp%2Fv2%2Ftags&post=43295"}],"curies":[{"name":"wp","href":"https:\/\/api.w.org\/{rel}","templated":true}]}}