{"id":43292,"date":"2026-09-04T16:20:51","date_gmt":"2026-09-04T16:20:51","guid":{"rendered":"http:\/\/6a9aeedc49a36c94ec2bd736"},"modified":"2026-09-04T16:20:51","modified_gmt":"2026-09-04T16:20:51","slug":"la-agenda-de-eventos-del-fin-de-semana-del-4-al-6-de-septiembre","status":"publish","type":"post","link":"https:\/\/ritmocordoba.com\/?p=43292","title":{"rendered":"La agenda de eventos del fin de semana del 4 al 6 de septiembre"},"content":{"rendered":"\n<div class=\"media_block\"><img decoding=\"async\" src=\"http:\/\/ritmocordoba.com\/wp-content\/uploads\/2026\/09\/la-agenda-de-eventos-del-fin-de-semana-del-4-al-6-de-septiembre.jpg\"><\/div>\n<div><img decoding=\"async\" src=\"https:\/\/periodico-app.tadevel-cdn.com\/hostname\/el-periodico.com.ar\/api\/v1\/image\/article\/6a9aeedc49a36c94ec2bd736\/facebook?v=444b11d2aa8b2069ffbb6e913e256279&amp;s=10fd95f417ac4b10db4c7f27a622f0ca\" class=\"ff-og-image-inserted\"><\/div>\n<p><tadevel-ad sizes=\"336x280-300x300-300x250-300x200-300x100, 728x90-336x280-300x300-300x250-300x200-300x100 1024w\" slot-id=\"article-content-01\"><\/tadevel-ad><\/p>\n<p>La ciudad y la regi\u00f3n ofrecen una variada agenda para el fin de semana, con el Rally Argentino como evento central, adem\u00e1s de m\u00fasica, coros, teatro, una expo de motos y un city tour por la historia de San Francisco. Estas son las propuestas destacadas para el viernes 4, el s\u00e1bado 5 y el domingo 6 de septiembre.<\/p>\n<h3>Viernes 4 de septiembre<\/h3>\n<h4><strong>Rally Ciudad de San Francisco<\/strong><\/h4>\n<p>La 30\u00aa edici\u00f3n del Rally Ciudad de San Francisco, sexta fecha del Campeonato Argentino de Rally, se disputa entre el viernes 4 y el domingo 6 de septiembre, con recorridos por el este de C\u00f3rdoba y el oeste de Santa Fe. La competencia pasar\u00e1 por Freyre, Bauer y Sigel, Josefina y Esmeralda, con San Francisco como epicentro.<\/p>\n<p><tadevel-ad sizes=\"336x280-300x300-300x250-300x200-300x100, 728x90-336x280-300x300-300x250-300x200-300x100 1024w\" slot-id=\"article-content-02\"><\/tadevel-ad><\/p>\n<p>M\u00e1s informaci\u00f3n: <a href=\"https:\/\/el-periodico.com.ar\/local\/ultiman-detalles-para-la-fecha-del-rally-argentino-en-san-francisco--asi-sera-el-itinerario_a6a95fef7f8d4ad4bffa2bb83\">Ultiman detalles para la fecha del Rally Argentino en San Francisco: as\u00ed ser\u00e1 el itinerario<\/a><\/p>\n<h4><strong>Q&#8217;Lokura en el Gigante de Bomberos<\/strong><\/h4>\n<p>El grupo de cuarteto Q&#8217;Lokura, liderado por Nicol\u00e1s Sattler y Facundo &#8220;Chino&#8221; Herrera, se presenta el viernes 4 de septiembre en el Gigante de Bomberos de San Francisco. Las entradas se consiguen en la boleter\u00eda de la instituci\u00f3n y en gigantedebomberos.tuplatea.com.<\/p>\n<p><tadevel-ad sizes=\"336x280-300x300-300x250-300x200-300x100, 728x90-336x280-300x300-300x250-300x200-300x100 1024w\" slot-id=\"article-content-03\"><\/tadevel-ad><\/p>\n<p>M\u00e1s informaci\u00f3n: <a href=\"https:\/\/el-periodico.com.ar\/espectaculos\/q--lokura-vuelve-a-bomberos-de-san-francisco--fecha-confirmada-y-venta-de-entradas_a6a89d27d385c1f3d480ff818\">Q&#8217; Lokura vuelve a Bomberos de San Francisco: fecha confirmada y venta de entradas<\/a><\/p>\n<h4><strong>Encuentro de Coros en la UTN<\/strong><\/h4>\n<p>El sal\u00f3n de actos de la UTN San Francisco recibir\u00e1 el viernes 4 a las 21 un nuevo Encuentro de Coros organizado por el Coro Armon\u00edas del Conservatorio Superior de M\u00fasica &#8220;Arturo Berutti&#8221;, con agrupaciones corales de la regi\u00f3n. El bono contribuci\u00f3n tiene un valor de $2.000.<\/p>\n<p>M\u00e1s informaci\u00f3n: <a href=\"https:\/\/el-periodico.com.ar\/local\/utn-san-francisco-sera-sede-de-un-encuentro-de-coros_a6a97fb17dbc2dd6f7e8238d6\">UTN San Francisco ser\u00e1 sede de un Encuentro de Coros<\/a><\/p>\n<p><tadevel-ad sizes=\"336x280-300x300-300x250-300x200-300x100, 728x90-336x280-300x300-300x250-300x200-300x100 1024w\" slot-id=\"article-content-04\"><\/tadevel-ad><\/p>\n<h4><strong>&#8220;De Ac\u00e1 \u2014 Sesiones en Vivo&#8221; en el Teatrillo<\/strong><\/h4>\n<p>El ciclo que re\u00fane bandas de la ciudad abre la programaci\u00f3n de septiembre del Teatrillo el viernes 4 a las 22, con las bandas locales Kamikaze y 4AM compartiendo escenario.<\/p>\n<p>M\u00e1s informaci\u00f3n: <a href=\"https:\/\/el-periodico.com.ar\/local\/el-teatrillo-presento-su-programacion-cultural-de-septiembre_a6a97f9c9dbc2dd6f7e822a8b\">El Teatrillo present\u00f3 su programaci\u00f3n cultural de septiembre<\/a><\/p>\n<h3>S\u00e1bado 5 de septiembre<\/h3>\n<h4><strong>Expo Encuentro de Motos Cl\u00e1sicas y Antiguas en Frontera<\/strong><\/h4>\n<p>La 12\u00aa edici\u00f3n de la Expo Encuentro de Motos Cl\u00e1sicas y Antiguas se realizar\u00e1 el s\u00e1bado 5 y el domingo 6 de septiembre, desde las 10, en el Polideportivo Municipal de Frontera, con exposici\u00f3n de motos, agrupaciones moteras, shows en vivo y feria de emprendedores. La entrada es libre y gratuita.<\/p>\n<p><tadevel-ad sizes=\"336x280-300x300-300x250-300x200-300x100, 728x90-336x280-300x300-300x250-300x200-300x100 1024w\" slot-id=\"article-content-05\"><\/tadevel-ad><\/p>\n<p>M\u00e1s informaci\u00f3n: <a href=\"https:\/\/el-periodico.com.ar\/local\/en-frontera-rugiran-los-motores-en-la-12--expo-encuentro-de-motos-clasicas-y-antiguas_a6a8eec4a6fd347737cfe114a\">En Frontera rugir\u00e1n los motores en la 12\u00ba Expo Encuentro de Motos Cl\u00e1sicas y Antiguas<\/a><\/p>\n<h4><strong>City tour &#8220;Las huellas de un sue\u00f1o&#8221;<\/strong><\/h4>\n<p>El primer recorrido guiado y gratuito por la historia de San Francisco saldr\u00e1 el s\u00e1bado 5 a las 16 desde el monumento a Jos\u00e9 Bernardo Iturraspe, en Plaza V\u00e9lez Sarsfield. La inscripci\u00f3n previa se realiza por WhatsApp al 3564-626627. Para este primer recorrido los cupos ya est\u00e1n agotados.<\/p>\n<p><tadevel-ad sizes=\"336x280-300x300-300x250-300x200-300x100, 728x90-336x280-300x300-300x250-300x200-300x100 1024w\" slot-id=\"article-content-06\"><\/tadevel-ad><\/p>\n<p>M\u00e1s informaci\u00f3n: <a href=\"https:\/\/el-periodico.com.ar\/local\/organizan-un-city-tour-gratuito-para-recorrer-la-historia-de-san-francisco_a6a96dc78762abf89b5adbb37\">Organizan un city tour gratuito para recorrer la historia de San Francisco<\/a><\/p>\n<h4><strong>&#8220;Conversaciones del Alma&#8221; en el Teatrillo<\/strong><\/h4>\n<p>El s\u00e1bado 5 a las 20.30, el Teatrillo presenta &#8220;Conversaciones del Alma&#8221;, una experiencia esc\u00e9nica que combina palabra, m\u00fasica y danza, con historias narradas por Carina Dezzi y la voz de Mar\u00eda Elena Ferreyra, junto a integrantes del Ballet Mayor de la Escuela Municipal de Danzas Folkl\u00f3ricas.<\/p>\n<p><tadevel-ad sizes=\"336x280-300x300-300x250-300x200-300x100, 728x90-336x280-300x300-300x250-300x200-300x100 1024w\" slot-id=\"article-content-07\"><\/tadevel-ad><\/p>\n<p>M\u00e1s informaci\u00f3n: <a href=\"https:\/\/el-periodico.com.ar\/local\/el-teatrillo-presento-su-programacion-cultural-de-septiembre_a6a97f9c9dbc2dd6f7e822a8b\">El Teatrillo present\u00f3 su programaci\u00f3n cultural de septiembre<\/a><\/p>\n<h3>Domingo 6 de septiembre<\/h3>\n<h4><strong>&#8220;Viajeras&#8221;, cierre del ciclo Teatreando<\/strong><\/h4>\n<p>El domingo 6 a las 20, el ciclo Teatreando 2026 cerrar\u00e1 en el Centro Cultural San Francisco con &#8220;Viajeras&#8221;, a cargo del elenco del Taller Municipal de Teatro. Las entradas cuestan $10.000.<\/p>\n<p>M\u00e1s informaci\u00f3n: <a href=\"https:\/\/el-periodico.com.ar\/local\/teatreando-2026--se-presenta-la-obra-zona-de-demolicion-en-el-centro-cultural_a6a91cefeb4a2b29aa7688851\">Teatreando 2026: se presenta la obra Zona de demolici\u00f3n en el Centro Cultural<\/a><\/p>\n<p><tadevel-ad sizes=\"336x280-300x300-300x250-300x200-300x100, 728x90-336x280-300x300-300x250-300x200-300x100 1024w\" slot-id=\"article-content-08\"><\/tadevel-ad> <\/p>\n","protected":false},"excerpt":{"rendered":"\n<div class=\"media_block\"><img decoding=\"async\" src=\"http:\/\/ritmocordoba.com\/wp-content\/uploads\/2026\/09\/la-agenda-de-eventos-del-fin-de-semana-del-4-al-6-de-septiembre.jpg\"><\/div>\n<p>Espect\u00e1culos, m\u00fasica, cultura y propuestas para el viernes 4, s\u00e1bado 5 y domingo 6 de septiembre en San Francisco.  <\/p>\n","protected":false},"author":1,"featured_media":43293,"comment_status":"closed","ping_status":"closed","sticky":false,"template":"","format":"standard","meta":{"footnotes":""},"categories":[19],"tags":[],"_links":{"self":[{"href":"https:\/\/ritmocordoba.com\/index.php?rest_route=\/wp\/v2\/posts\/43292"}],"collection":[{"href":"https:\/\/ritmocordoba.com\/index.php?rest_route=\/wp\/v2\/posts"}],"about":[{"href":"https:\/\/ritmocordoba.com\/index.php?rest_route=\/wp\/v2\/types\/post"}],"author":[{"embeddable":true,"href":"https:\/\/ritmocordoba.com\/index.php?rest_route=\/wp\/v2\/users\/1"}],"replies":[{"embeddable":true,"href":"https:\/\/ritmocordoba.com\/index.php?rest_route=%2Fwp%2Fv2%2Fcomments&post=43292"}],"version-history":[{"count":0,"href":"https:\/\/ritmocordoba.com\/index.php?rest_route=\/wp\/v2\/posts\/43292\/revisions"}],"wp:featuredmedia":[{"embeddable":true,"href":"https:\/\/ritmocordoba.com\/index.php?rest_route=\/wp\/v2\/media\/43293"}],"wp:attachment":[{"href":"https:\/\/ritmocordoba.com\/index.php?rest_route=%2Fwp%2Fv2%2Fmedia&parent=43292"}],"wp:term":[{"taxonomy":"category","embeddable":true,"href":"https:\/\/ritmocordoba.com\/index.php?rest_route=%2Fwp%2Fv2%2Fcategories&post=43292"},{"taxonomy":"post_tag","embeddable":true,"href":"https:\/\/ritmocordoba.com\/index.php?rest_route=%2Fwp%2Fv2%2Ftags&post=43292"}],"curies":[{"name":"wp","href":"https:\/\/api.w.org\/{rel}","templated":true}]}}