{"id":43291,"date":"2026-09-04T17:54:18","date_gmt":"2026-09-04T17:54:18","guid":{"rendered":"https:\/\/cultura.cordoba.gob.ar\/?p=25758"},"modified":"2026-09-04T17:54:18","modified_gmt":"2026-09-04T17:54:18","slug":"cuenta-regresiva-para-mac-el-arte-contemporaneo-vuelve-a-encontrarse-en-cordoba","status":"publish","type":"post","link":"https:\/\/ritmocordoba.com\/?p=43291","title":{"rendered":"Cuenta regresiva para MAC: el arte contempor\u00e1neo vuelve a encontrarse en C\u00f3rdoba"},"content":{"rendered":"\n<p><b>Del 24 al 27 de septiembre, Mercado de Arte Contempor\u00e1neo vuelve a reunir a la escena art\u00edstica argentina en Espacio UNMOL. Con 59 galer\u00edas y proyectos provenientes de distintos puntos del pa\u00eds, la programaci\u00f3n combinar\u00e1 obras, performances, talleres, y encuentros para todas las edades. La entrada es libre y gratuita.&nbsp;<\/b><\/p>\n<p><span>La cuenta regresiva ya comenz\u00f3. Del jueves 24 al domingo 27 de septiembre, C\u00f3rdoba ser\u00e1 nuevamente sede de Mercado de Arte Contempor\u00e1neo, uno de los principales encuentros para el desarrollo del arte contempor\u00e1neo en Argentina. Durante cuatro jornadas, galeristas, artistas, coleccionistas, curadores, gestores, referentes de las artes visuales y p\u00fablico general se encontrar\u00e1n en Espacio UNMOL \u2013 Nave 8 (Av La Voz del Interior N.\u00ba 5500). La entrada es libre y gratuita y el horario de apertura ser\u00e1 de 16:00 a 21:00.&nbsp;<\/span><\/p>\n<p><span>Con 59 galer\u00edas, proyectos y espacios institucionales participantes provenientes de distintas provincias y la participaci\u00f3n de Chile, MAC 2026 reafirma su car\u00e1cter federal y propone un recorrido por la diversidad de la producci\u00f3n art\u00edstica regional. La feria permite conocer obras de diferentes territorios y, al mismo tiempo, pone en di\u00e1logo distintas maneras de producir, gestionar, exhibir y hacer circular el arte.&nbsp;<\/span><\/p>\n<p><span>En ese sentido, y frente al complejo escenario actual, la organizaci\u00f3n decidi\u00f3 mantener el mismo costo de participaci\u00f3n que en la edici\u00f3n anterior y elevar la calidad de la feria, con el objetivo de acompa\u00f1ar activamente al sector y garantizar la sostenibilidad de los proyectos art\u00edsticos.&nbsp;<\/span><\/p>\n<p><span>Bajo el lema \u201cSobre la vitalidad\u201d, y con la curadur\u00eda general de Sof\u00eda Torres Kosiba y Manuel Coll, esta 13.\u00aa edici\u00f3n propone pensar el arte como una fuerza capaz de crear v\u00ednculos, regenerar tejidos y abrir nuevas formas de circulaci\u00f3n. Por eso, MAC no se limita a la exhibici\u00f3n y la venta: la experiencia se expande con una Zona de Ediciones que reunir\u00e1 libros de artistas, editoriales vinculadas al arte, fanzines, proyectos gr\u00e1ficos y libreros; un espacio para Infancias y Adolescencias pensado como lugar de interacci\u00f3n para todas las edades; y LAB, una propuesta novedosa en el circuito de ferias que busca acompa\u00f1ar los primeros pasos de artistas y favorecer su inserci\u00f3n en el sistema de galer\u00edas.<\/span><\/p>\n<p><span>A este recorrido se suman un programa de performances, como eje vivo y ef\u00edmero del Mercado; un ciclo continuo de video; instalaciones y obras de sitio espec\u00edfico que dialogan con el espacio; y propuestas de actividades y mediaci\u00f3n de la UNC y la UPC, con dispositivos de di\u00e1logo para acercar las pr\u00e1cticas contempor\u00e1neas a nuevos p\u00fablicos. Cada jornada tendr\u00e1 adem\u00e1s su propio momento de celebraci\u00f3n, con m\u00fasica al atardecer y fiestas que convertir\u00e1n el cierre de la feria en otro momento de encuentro.<\/span><\/p>\n<p><span>Impulsado por la Municipalidad de C\u00f3rdoba junto al Gobierno de la Provincia de C\u00f3rdoba, Fundaci\u00f3n Pro Arte C\u00f3rdoba, Universidad Nacional de C\u00f3rdoba, Universidad Provincial de C\u00f3rdoba y FARO, Mercado de Arte Contempor\u00e1neo se consolid\u00f3 como una de las principales plataformas p\u00fablicas para el desarrollo del arte contempor\u00e1neo en Argentina, promoviendo el encuentro entre artistas, galer\u00edas, coleccionistas, instituciones y nuevos p\u00fablicos.<\/span><\/p>\n<p><span>A lo largo de sus ediciones, MAC se convirti\u00f3 adem\u00e1s en un punto de referencia para la escena art\u00edstica nacional y en una experiencia que trascendi\u00f3 las fronteras de C\u00f3rdoba. Su recorrido acompa\u00f1\u00f3 e inspir\u00f3 el surgimiento de nuevos mercados y ferias en distintas provincias, contribuyendo a fortalecer la circulaci\u00f3n del arte argentino y latinoamericano y a consolidar un movimiento cultural de car\u00e1cter federal.<\/span><\/p>\n<p><span>En esta nueva edici\u00f3n, se vuelven a abrir sus puertas para que la ciudad se encuentre con el arte contempor\u00e1neo: para mirar obras, conocer proyectos, descubrir artistas, generar v\u00ednculos y ser parte de una escena que sigue creciendo y buscando nuevas formas de encontrarse.<\/span><\/p>\n","protected":false},"excerpt":{"rendered":"<p> Del 24 al 27 de septiembre, Mercado de Arte Contempor\u00e1neo vuelve a reunir a la escena art\u00edstica argentina en Espacio UNMOL. Con 59 galer\u00edas y proyectos provenientes de distintos puntos [&#8230;]  <\/p>\n","protected":false},"author":1,"featured_media":0,"comment_status":"closed","ping_status":"closed","sticky":false,"template":"","format":"standard","meta":{"footnotes":""},"categories":[20,19],"tags":[48,387,28],"_links":{"self":[{"href":"https:\/\/ritmocordoba.com\/index.php?rest_route=\/wp\/v2\/posts\/43291"}],"collection":[{"href":"https:\/\/ritmocordoba.com\/index.php?rest_route=\/wp\/v2\/posts"}],"about":[{"href":"https:\/\/ritmocordoba.com\/index.php?rest_route=\/wp\/v2\/types\/post"}],"author":[{"embeddable":true,"href":"https:\/\/ritmocordoba.com\/index.php?rest_route=\/wp\/v2\/users\/1"}],"replies":[{"embeddable":true,"href":"https:\/\/ritmocordoba.com\/index.php?rest_route=%2Fwp%2Fv2%2Fcomments&post=43291"}],"version-history":[{"count":0,"href":"https:\/\/ritmocordoba.com\/index.php?rest_route=\/wp\/v2\/posts\/43291\/revisions"}],"wp:attachment":[{"href":"https:\/\/ritmocordoba.com\/index.php?rest_route=%2Fwp%2Fv2%2Fmedia&parent=43291"}],"wp:term":[{"taxonomy":"category","embeddable":true,"href":"https:\/\/ritmocordoba.com\/index.php?rest_route=%2Fwp%2Fv2%2Fcategories&post=43291"},{"taxonomy":"post_tag","embeddable":true,"href":"https:\/\/ritmocordoba.com\/index.php?rest_route=%2Fwp%2Fv2%2Ftags&post=43291"}],"curies":[{"name":"wp","href":"https:\/\/api.w.org\/{rel}","templated":true}]}}