{"id":43278,"date":"2026-09-03T21:14:52","date_gmt":"2026-09-03T21:14:52","guid":{"rendered":"https:\/\/www.radioestacion.com.ar\/?p=420302"},"modified":"2026-09-03T21:14:52","modified_gmt":"2026-09-03T21:14:52","slug":"el-centro-de-zoonosis-se-traslada-transitoriamente-y-mantiene-todos-sus-servicios","status":"publish","type":"post","link":"https:\/\/ritmocordoba.com\/?p=43278","title":{"rendered":"El Centro de Zoonosis se traslada transitoriamente y mantiene todos sus servicios"},"content":{"rendered":"\n<div><img decoding=\"async\" src=\"http:\/\/ritmocordoba.com\/wp-content\/uploads\/2026\/09\/el-centro-de-zoonosis-se-traslada-transitoriamente-y-mantiene-todos-sus-servicios.jpg\" class=\"ff-og-image-inserted\"><\/div>\n<h3 data-start=\"269\" data-end=\"545\">Desde el mi\u00e9rcoles 9 de septiembre, el Centro Municipal de Sanidad Animal y Control de Zoonosis funcionar\u00e1 provisoriamente en el Polideportivo Social de barrio Parque. Las prestaciones continuar\u00e1n con atenci\u00f3n fija y recorridos del Canim\u00f3vil por distintos barrios.<\/h3>\n<p data-start=\"547\" data-end=\"821\">Desde el <strong data-start=\"556\" data-end=\"585\">mi\u00e9rcoles 9 de septiembre<\/strong>, el Centro Municipal de Sanidad Animal y Control de Zoonosis dejar\u00e1 transitoriamente su sede habitual de <strong data-start=\"691\" data-end=\"710\">San Lorenzo 768<\/strong> y funcionar\u00e1 en el <strong data-start=\"730\" data-end=\"771\">Polideportivo Social de barrio Parque<\/strong>, ubicado en Resistencia esquina Ram\u00f3n J. C\u00e1rcano.<\/p>\n<p data-start=\"823\" data-end=\"1107\">La medida se debe a las <strong data-start=\"847\" data-end=\"951\">reformas y mejoras que lleva adelante el Gobierno de la Provincia de C\u00f3rdoba en el Parque Centenario<\/strong>, futuro Bioparque del Cincuentenario. Desde la Secretar\u00eda de Salud se diagram\u00f3 una reorganizaci\u00f3n para garantizar la continuidad de todas las prestaciones.<\/p>\n<p data-start=\"1133\" data-end=\"1405\">El nuevo esquema contempla atenci\u00f3n presencial los <strong data-start=\"1184\" data-end=\"1214\">lunes, mi\u00e9rcoles y viernes<\/strong> en las oficinas del Polideportivo Social. En tanto, los <strong data-start=\"1271\" data-end=\"1290\">martes y jueves<\/strong>, el <strong data-start=\"1295\" data-end=\"1308\">Canim\u00f3vil<\/strong> continuar\u00e1 recorriendo diferentes barrios de la ciudad para acercar los servicios a los vecinos.<\/p>\n<p data-start=\"1407\" data-end=\"1658\">Las <strong data-start=\"1411\" data-end=\"1462\">castraciones y dem\u00e1s intervenciones quir\u00fargicas<\/strong> continuar\u00e1n realiz\u00e1ndose mediante el Canim\u00f3vil, manteniendo la capacidad operativa y las prestaciones vinculadas al cuidado responsable de los animales y la prevenci\u00f3n de enfermedades zoon\u00f3ticas.<\/p>\n<p data-start=\"1660\" data-end=\"1937\">La elecci\u00f3n del nuevo espacio tambi\u00e9n responde a criterios log\u00edsticos y territoriales. Su cercan\u00eda con el <strong data-start=\"1766\" data-end=\"1788\">Corral\u00f3n Municipal<\/strong>, donde permanece resguardado el Canim\u00f3vil, permitir\u00e1 optimizar los traslados y combinar la atenci\u00f3n en un punto fijo con los recorridos programados.<\/p>\n<p data-start=\"1993\" data-end=\"2180\">Desde la Municipalidad destacaron que la reorganizaci\u00f3n forma parte de una <strong data-start=\"2068\" data-end=\"2098\">pol\u00edtica p\u00fablica sanitaria<\/strong> enfocada en la prevenci\u00f3n, el cuidado responsable y el bienestar de la comunidad.<\/p>\n<p data-start=\"2182\" data-end=\"2483\">La modificaci\u00f3n del espacio f\u00edsico ser\u00e1 transitoria y <strong data-start=\"2236\" data-end=\"2312\">no implicar\u00e1 una reducci\u00f3n, suspensi\u00f3n ni resentimiento de los servicios<\/strong> que actualmente brinda Zoonosis. Por el contrario, se busca mantener la capacidad de respuesta y reforzar la presencia territorial en distintos sectores de San Francisco.<\/p>\n<p data-start=\"2485\" data-end=\"2684\">La Secretar\u00eda de Salud coordin\u00f3 las acciones con las diferentes \u00e1reas municipales y los profesionales involucrados para garantizar una <strong data-start=\"2620\" data-end=\"2683\">transici\u00f3n ordenada y el normal funcionamiento del servicio<\/strong>.<\/p>\n<blockquote class=\"wp-embedded-content\" data-secret=\"E7aBaopyMW\">\n<p><a href=\"https:\/\/www.radioestacion.com.ar\/san-francisco-celebrara-sus-140-anos-con-un-concierto-de-gala-en-el-superdomo\/\">San Francisco celebrar\u00e1 sus 140 a\u00f1os con un concierto de gala en el Superdomo<\/a><\/p>\n<\/blockquote>\n","protected":false},"excerpt":{"rendered":"<p> Desde el mi\u00e9rcoles 9 de septiembre, el Centro Municipal de Sanidad Animal y Control de Zoonosis funcionar\u00e1 provisoriamente en el Polideportivo Social de barrio Parque. Las prestaciones continuar\u00e1n con atenci\u00f3n fija y recorridos del Canim\u00f3vil por distintos barrios. Desde el mi\u00e9rcoles 9 de septiembre, el Centro Municipal de Sanidad Animal y Control de Zoonosis dejar\u00e1 [&#8230;]<\/p>\n<p><a href=\"https:\/\/www.radioestacion.com.ar\/el-centro-de-zoonosis-se-traslada-transitoriamente-y-mantiene-todos-sus-servicios\/\">Fuente<\/a><\/p>\n","protected":false},"author":1,"featured_media":43279,"comment_status":"closed","ping_status":"closed","sticky":false,"template":"","format":"standard","meta":{"footnotes":""},"categories":[20],"tags":[],"_links":{"self":[{"href":"https:\/\/ritmocordoba.com\/index.php?rest_route=\/wp\/v2\/posts\/43278"}],"collection":[{"href":"https:\/\/ritmocordoba.com\/index.php?rest_route=\/wp\/v2\/posts"}],"about":[{"href":"https:\/\/ritmocordoba.com\/index.php?rest_route=\/wp\/v2\/types\/post"}],"author":[{"embeddable":true,"href":"https:\/\/ritmocordoba.com\/index.php?rest_route=\/wp\/v2\/users\/1"}],"replies":[{"embeddable":true,"href":"https:\/\/ritmocordoba.com\/index.php?rest_route=%2Fwp%2Fv2%2Fcomments&post=43278"}],"version-history":[{"count":0,"href":"https:\/\/ritmocordoba.com\/index.php?rest_route=\/wp\/v2\/posts\/43278\/revisions"}],"wp:featuredmedia":[{"embeddable":true,"href":"https:\/\/ritmocordoba.com\/index.php?rest_route=\/wp\/v2\/media\/43279"}],"wp:attachment":[{"href":"https:\/\/ritmocordoba.com\/index.php?rest_route=%2Fwp%2Fv2%2Fmedia&parent=43278"}],"wp:term":[{"taxonomy":"category","embeddable":true,"href":"https:\/\/ritmocordoba.com\/index.php?rest_route=%2Fwp%2Fv2%2Fcategories&post=43278"},{"taxonomy":"post_tag","embeddable":true,"href":"https:\/\/ritmocordoba.com\/index.php?rest_route=%2Fwp%2Fv2%2Ftags&post=43278"}],"curies":[{"name":"wp","href":"https:\/\/api.w.org\/{rel}","templated":true}]}}