{"id":43276,"date":"2026-09-03T11:52:03","date_gmt":"2026-09-03T11:52:03","guid":{"rendered":"https:\/\/puntal-editorialfundamento.cms.api.thinkindot.com\/c264189"},"modified":"2026-09-03T11:52:03","modified_gmt":"2026-09-03T11:52:03","slug":"la-provincia-adecuara-su-legislacion-al-nuevo-regimen-que-baja-la-imputabilidad-a-14-anos","status":"publish","type":"post","link":"https:\/\/ritmocordoba.com\/?p=43276","title":{"rendered":"La Provincia adecuar\u00e1 su legislaci\u00f3n al nuevo r\u00e9gimen que baja la imputabilidad a 14 a\u00f1os"},"content":{"rendered":"\n<div><img decoding=\"async\" src=\"http:\/\/ritmocordoba.com\/wp-content\/uploads\/2026\/09\/la-provincia-adecuara-su-legislacion-al-nuevo-regimen-que-baja-la-imputabilidad-a-14-anos.jpg\" class=\"ff-og-image-inserted\"><\/div>\n<div class=\"cuerpo\" data-twitter-link readability=\"54\">\n<p id=\"p-1788436168197-41191\"> La Legislatura autoriz\u00f3 ayer la modificaci\u00f3n y derogaci\u00f3n de art\u00edculos de la ley provincial 11.035 para adaptarla al R\u00e9gimen Penal Juvenil establecido por la ley nacional 27.801.<\/p>\n<p id=\"p-1788436168197-28519\">Regir\u00e1 desde el 5 de septiembre pero, en C\u00f3rdoba, tras la promulgaci\u00f3n de la norma aprobada ayer en la Unicameral.<\/p>\n<p id=\"p-1788436168197-41808\">Durante la 15\u00aa sesi\u00f3n ordinaria del 2026, correspondiente al 148\u00b0 per\u00edodo legislativo, \u201cla Legislatura sancion\u00f3 una normativa para modificar y derogar art\u00edculos de la ley 11.035 de la provincia de C\u00f3rdoba, que establece el sistema Procesal Penal Juvenil, a fines de adecuarlo a la ley nacional 27.801 que empezar\u00e1 a regir el 5 de septiembre y fija el nuevo R\u00e9gimen Penal Juvenil\u201d, se inform\u00f3.<\/p>\n<p id=\"p-1788436168197-73194\">En los fundamentos del texto aprobado \u201cse indica que la adecuaci\u00f3n de la normativa provincial constituye la reafirmaci\u00f3n del compromiso asumido por la Provincia de C\u00f3rdoba con la protecci\u00f3n integral de las y los adolescentes y j\u00f3venes, asegurando un sistema de justicia penal especializado, eficiente y respetuoso de los mandatos constitucionales y convencionales\u201d.<\/p>\n<p id=\"p-1788436168197-98525\">El tratamiento del proyecto tuvo despacho favorable de las comisiones de Seguridad y de Promoci\u00f3n y Defensa de los Derechos de la Ni\u00f1ez, Adolescencia y Familia, para lo cual se compatibilizaron las propuestas a fines de ajustar el r\u00e9gimen provincial a la nueva normativa nacional.<\/p>\n<p id=\"p-1788436168197-27545\">La iniciativa destaca \u201cel trabajo realizado por la Mesa de Coordinaci\u00f3n y Seguimiento, integrada por representantes del Poder Judicial; la Fiscal\u00eda General; la Defensa P\u00fablica; la Secretar\u00eda de Ni\u00f1ez, Adolescencia y Familia (Senaf); la Defensor\u00eda de Ni\u00f1as, Ni\u00f1os y Adolescentes; especialistas universitarios;y representantes de distintos espacios pol\u00edticos.<\/p>\n<p id=\"p-1788436168197-3816\">En la Legislatura tambi\u00e9n se aprob\u00f3 el pliego remitido por el Ejecutivo para la designaci\u00f3n de Guillermo Arias como nuevo juez electoral en el Juzgado Electoral de la Provincia de C\u00f3rdoba, correspondiente al Centro Judicial Capital de la Primera Circunscripci\u00f3n Judicial.<\/p>\n<p id=\"p-1788436168197-44842\">Por \u00faltimo, tambi\u00e9n se acept\u00f3 la renuncia presentada por el legislador Ernesto Ram\u00f3n Flores, quien dej\u00f3 su banca.<\/p>\n<\/p><\/div>\n","protected":false},"excerpt":{"rendered":"\n<p id=\"p-1788436107073-93871\" class=\"ignore-parser\">La Legislatura autoriz\u00f3 la modificaci\u00f3n de art\u00edculos de la ley provincial 11.035 para adaptarla al R\u00e9gimen Penal establecido por la ley nacional 27.801. Regir\u00e1 desde el 5 de septiembre. En C\u00f3rdoba, tras la promulgaci\u00f3n<\/p>\n","protected":false},"author":1,"featured_media":43277,"comment_status":"closed","ping_status":"closed","sticky":false,"template":"","format":"standard","meta":{"footnotes":""},"categories":[26],"tags":[],"_links":{"self":[{"href":"https:\/\/ritmocordoba.com\/index.php?rest_route=\/wp\/v2\/posts\/43276"}],"collection":[{"href":"https:\/\/ritmocordoba.com\/index.php?rest_route=\/wp\/v2\/posts"}],"about":[{"href":"https:\/\/ritmocordoba.com\/index.php?rest_route=\/wp\/v2\/types\/post"}],"author":[{"embeddable":true,"href":"https:\/\/ritmocordoba.com\/index.php?rest_route=\/wp\/v2\/users\/1"}],"replies":[{"embeddable":true,"href":"https:\/\/ritmocordoba.com\/index.php?rest_route=%2Fwp%2Fv2%2Fcomments&post=43276"}],"version-history":[{"count":0,"href":"https:\/\/ritmocordoba.com\/index.php?rest_route=\/wp\/v2\/posts\/43276\/revisions"}],"wp:featuredmedia":[{"embeddable":true,"href":"https:\/\/ritmocordoba.com\/index.php?rest_route=\/wp\/v2\/media\/43277"}],"wp:attachment":[{"href":"https:\/\/ritmocordoba.com\/index.php?rest_route=%2Fwp%2Fv2%2Fmedia&parent=43276"}],"wp:term":[{"taxonomy":"category","embeddable":true,"href":"https:\/\/ritmocordoba.com\/index.php?rest_route=%2Fwp%2Fv2%2Fcategories&post=43276"},{"taxonomy":"post_tag","embeddable":true,"href":"https:\/\/ritmocordoba.com\/index.php?rest_route=%2Fwp%2Fv2%2Ftags&post=43276"}],"curies":[{"name":"wp","href":"https:\/\/api.w.org\/{rel}","templated":true}]}}