{"id":43255,"date":"2026-09-02T21:06:26","date_gmt":"2026-09-02T21:06:26","guid":{"rendered":"https:\/\/www.radioestacion.com.ar\/?p=420157"},"modified":"2026-09-02T21:06:26","modified_gmt":"2026-09-02T21:06:26","slug":"debates-internacionales-y-autos-sustentables-la-pasion-tecnica-y-humana-del-ipet-n-50","status":"publish","type":"post","link":"https:\/\/ritmocordoba.com\/?p=43255","title":{"rendered":"Debates internacionales y autos sustentables: la pasi\u00f3n t\u00e9cnica y humana del IPET N\u00b0 50"},"content":{"rendered":"<br \/>\n<h3 id=\"p-rc_99cab2e782242990-306\" data-path-to-node=\"2\"><span data-path-to-node=\"2,0\">En la emisi\u00f3n de \u00ab<em>La Radio en tu Escuela<\/em>\u00ab, la comunidad del IPET N\u00b0 50 \u00abIng. Emilio F. Olmos\u00bb volvi\u00f3 a demostrar que el pensamiento cr\u00edtico, la innovaci\u00f3n tecnol\u00f3gica y el trabajo en equipo caminan de la mano<\/span><span data-path-to-node=\"2,2\">.<\/span><\/h3>\n<p id=\"p-rc_99cab2e782242990-307\" data-path-to-node=\"3\"><span data-path-to-node=\"3,0\">La docente Adriana detall\u00f3 c\u00f3mo la instituci\u00f3n fomenta el debate pol\u00edtico e internacional a trav\u00e9s del <strong>Modelo de Naciones Unidas<\/strong><\/span><span data-path-to-node=\"3,2\">. <i data-path-to-node=\"3,2\" data-index-in-node=\"2\">\u00abEs todo un desaf\u00edo cada a\u00f1o\u00bb<\/i>, coment\u00f3 al remarcar que acompa\u00f1\u00f3 a la delegaci\u00f3n junto a la profesora Anita<\/span><span data-path-to-node=\"3,4\">. El grupo estuvo integrado por <strong>18 participantes<\/strong> entre alumnos y docentes, abarcando desde los cursos m\u00e1s peque\u00f1os hasta los m\u00e1s experimentados<\/span><span data-path-to-node=\"3,6\">. La preparaci\u00f3n comenz\u00f3 en mayo para el certamen de agosto, y el equipo ya se alista para el modelo que se desarrollar\u00e1 en <strong>Morteros<\/strong> durante el mes de octubre<\/span><span data-path-to-node=\"3,8\">.<\/span><\/p>\n<blockquote>\n<h2 id=\"p-rc_99cab2e782242990-308\" data-path-to-node=\"4\"><span data-path-to-node=\"4,0\">Adriana subray\u00f3 la relevancia de estos espacios: <i data-path-to-node=\"4,0\" data-index-in-node=\"49\">\u00abTeniendo en cuenta en una escuela t\u00e9cnica darle el espacio a las ciencias sociales es un mont\u00f3n\u2026 para que los chicos tambi\u00e9n se interpelen en esas cuestiones, el pensamiento cr\u00edtico, que se preocupen por problem\u00e1ticas actuales\u00bb<\/i><\/span><span data-path-to-node=\"4,2\">.<\/span><\/h2>\n<\/blockquote>\n<p data-path-to-node=\"4\"><span data-path-to-node=\"4,2\">Adem\u00e1s, record\u00f3 que estudiantes del colegio obtuvieron el primer puesto en \u00abNos los Representantes\u00bb junto al profesor Mat\u00edas C\u00f3rdoba, realizaron salidas educativas al Archivo Hist\u00f3rico y participaron activamente del Debate San Francisco<\/span><span data-path-to-node=\"4,4\">.<\/span><\/p>\n<p id=\"p-rc_99cab2e782242990-309\" data-path-to-node=\"5\"><span data-path-to-node=\"5,0\">Por su parte, los estudiantes compartieron sus vivencias en la ONU<\/span><span data-path-to-node=\"5,2\">:<\/span><\/p>\n<ul data-path-to-node=\"6\">\n<li>\n<p id=\"p-rc_99cab2e782242990-310\" data-path-to-node=\"6,0,0\"><span data-path-to-node=\"6,0,0,0\"><b data-path-to-node=\"6,0,0,0\" data-index-in-node=\"0\">M\u00e1ximo Lemos<\/b> (3\u00b0 a\u00f1o): <i data-path-to-node=\"6,0,0,0\" data-index-in-node=\"35\">\u00abNo me arrepiento de haber ido a conocer gente, de haber dejado fines de semana m\u00edos para estudiar\u2026 parece que es aburrido a simple vista, pero al final termina siendo algo muy recreativo y muy interesante\u00bb<\/i><\/span><span data-path-to-node=\"6,0,0,2\">.<\/span><\/p>\n<\/li>\n<li>\n<p id=\"p-rc_99cab2e782242990-311\" data-path-to-node=\"6,1,0\"><span data-path-to-node=\"6,1,0,0\"><b data-path-to-node=\"6,1,0,0\" data-index-in-node=\"0\">Facundo Arias<\/b> (5\u00b0 a\u00f1o Electr\u00f3nica): Transcurre su tercer modelo<\/span><span data-path-to-node=\"6,1,0,2\">. Tras representar a Finlandia, se desempe\u00f1\u00f3 por dos a\u00f1os consecutivos en delegaci\u00f3n observadora junto a su compa\u00f1ero M\u00e1ximo Girardi, logrando menciones<\/span><span data-path-to-node=\"6,1,0,4\">. <i data-path-to-node=\"6,1,0,4\" data-index-in-node=\"2\">\u00abEs un d\u00eda que no est\u00e1s con el celular, algo muy bueno\u00bb<\/i>, destac\u00f3<\/span><span data-path-to-node=\"6,1,0,6\">.<\/span><\/p>\n<\/li>\n<li>\n<p id=\"p-rc_99cab2e782242990-312\" data-path-to-node=\"6,2,0\"><span data-path-to-node=\"6,2,0,0\"><b data-path-to-node=\"6,2,0,0\" data-index-in-node=\"0\">Valentino Cejas y Emanuel L\u00f3pez<\/b> (3\u00b0 a\u00f1o Electr\u00f3nica): Experimentaron su primer certamen<\/span><span data-path-to-node=\"6,2,0,2\">. Cejas valor\u00f3 las herramientas adquiridas: <i data-path-to-node=\"6,2,0,2\" data-index-in-node=\"44\">\u00abAprendes a hablar en p\u00fablico, a hacer una cr\u00edtica constructiva sin sacar la opini\u00f3n, sin desmeritar al otro\u2026 te llevas amigos\u00bb<\/i><\/span><span data-path-to-node=\"6,2,0,4\">.<\/span><\/p>\n<\/li>\n<\/ul>\n<p><img fetchpriority=\"high\" decoding=\"async\" class=\"alignnone size-full wp-image-420159\" src=\"http:\/\/ritmocordoba.com\/wp-content\/uploads\/2026\/09\/debates-internacionales-y-autos-sustentables-la-pasion-tecnica-y-humana-del-ipet-n-50.jpg\" alt=\"WhatsApp Image 2026 09 02 at 13.12.16\" width=\"1200\" height=\"1600\" srcset=\"http:\/\/ritmocordoba.com\/wp-content\/uploads\/2026\/09\/debates-internacionales-y-autos-sustentables-la-pasion-tecnica-y-humana-del-ipet-n-50.jpg 1200w, http:\/\/ritmocordoba.com\/wp-content\/uploads\/2026\/09\/debates-internacionales-y-autos-sustentables-la-pasion-tecnica-y-humana-del-ipet-n-50-1.jpg 768w, https:\/\/www.radioestacion.com.ar\/wp-content\/uploads\/2026\/09\/WhatsApp-Image-2026-09-02-at-13.12.16-1152x1536.jpeg 1152w\" sizes=\"(max-width: 1200px) 100vw, 1200px\"><\/p>\n<h3 id=\"p-rc_99cab2e782242990-313\" data-path-to-node=\"7\">Sustentabilidad sobre ruedas: el proyecto Desaf\u00edo Eco<\/h3>\n<p data-path-to-node=\"7\"><span data-path-to-node=\"7,0\">En el \u00e1mbito tecnol\u00f3gico, el colegio avanza en el desarrollo de un prototipo el\u00e9ctrico sustentable que integra a las especialidades de Automotores, Mec\u00e1nica y Electr\u00f3nica<\/span><span data-path-to-node=\"7,2\">. Los profesores destacaron que la iniciativa promueve la resoluci\u00f3n de problemas y la cooperaci\u00f3n entre alumnos de 5\u00b0 a 7\u00b0 a\u00f1o (e incluso 4\u00b0 a\u00f1o)<\/span><span data-path-to-node=\"7,4\">: <i data-path-to-node=\"7,4\" data-index-in-node=\"2\">\u00abEs impresionante c\u00f3mo en un proyecto a veces se ponen de acuerdo\u2026 trabajan en equipo, solucionan problemas\u2026 y colaboran con todo\u00bb<\/i><\/span><span data-path-to-node=\"7,6\">.<\/span><\/p>\n<p id=\"p-rc_99cab2e782242990-314\" data-path-to-node=\"8\"><span data-path-to-node=\"8,0\">Los estudiantes involucrados compartieron los detalles operativos de la preparaci\u00f3n<\/span><span data-path-to-node=\"8,2\">:<\/span><\/p>\n<ul data-path-to-node=\"9\">\n<li>\n<p id=\"p-rc_99cab2e782242990-315\" data-path-to-node=\"9,0,0\"><span data-path-to-node=\"9,0,0,0\"><b data-path-to-node=\"9,0,0,0\" data-index-in-node=\"0\">Giorgio Ulises <\/b>y<b data-path-to-node=\"9,0,0,0\" data-index-in-node=\"0\"> Ciro Acosta<\/b> (7\u00b0 a\u00f1o D), <b data-path-to-node=\"9,0,0,0\" data-index-in-node=\"41\">Esteban Bolea<\/b> (6\u00b0 a\u00f1o D) y <b data-path-to-node=\"9,0,0,0\" data-index-in-node=\"68\">Antonella Delgado<\/b> (5\u00b0 a\u00f1o Automotores) precisaron que realizaron ensayos previos en el vel\u00f3dromo local para evaluar el comportamiento del veh\u00edculo<\/span><span data-path-to-node=\"9,0,0,2\">.<\/span><\/p>\n<\/li>\n<li>\n<p id=\"p-rc_99cab2e782242990-316\" data-path-to-node=\"9,1,0\"><span data-path-to-node=\"9,1,0,0\">Acosta repas\u00f3 la trayectoria de la escuela en la competencia, recordando que las ediciones 2024 y 2025 tuvieron lugar en <strong>Concepci\u00f3n del Uruguay<\/strong><\/span><span data-path-to-node=\"9,1,0,2\">.<\/span><\/p>\n<\/li>\n<li>\n<p id=\"p-rc_99cab2e782242990-317\" data-path-to-node=\"9,2,0\"><span data-path-to-node=\"9,2,0,0\">De cara a la competencia de este a\u00f1o, que se disputar\u00e1 durante los primeros d\u00edas de noviembre en Jun\u00edn (provincia de Buenos Aires), el equipo se encuentra en la etapa final de preparativos y pruebas<\/span><span data-path-to-node=\"9,2,0,2\">. Asimismo, se anticip\u00f3 que los alumnos dir\u00e1n presente en el rally<\/span><span data-path-to-node=\"9,2,0,4\">.<\/span><\/p>\n<\/li>\n<\/ul>\n<blockquote class=\"wp-embedded-content\" data-secret=\"UogeMaxOhy\">\n<p><a href=\"https:\/\/www.radioestacion.com.ar\/proyectos-musica-y-letras-la-vitalidad-de-la-comunidad-del-ipet-n-50\/\">Proyectos, m\u00fasica y letras: la vitalidad de la comunidad del IPET N\u00b0 50<\/a><\/p>\n<\/blockquote>\n<blockquote class=\"wp-embedded-content\" data-secret=\"N5XX8E4HCh\">\n<p><a href=\"https:\/\/www.radioestacion.com.ar\/la-escuela-del-trabajo-consolida-la-formacion-dual-y-se-alista-para-las-olimpiadas-de-atletismo\/\">La Escuela del Trabajo consolida la formaci\u00f3n dual y se alista para las olimpiadas de atletismo<\/a><\/p>\n<\/blockquote>\n","protected":false},"excerpt":{"rendered":"<p> En la emisi\u00f3n de \u00abLa Radio en tu Escuela\u00ab, la comunidad del IPET N\u00b0 50 \u00abIng. Emilio F. Olmos\u00bb volvi\u00f3 a demostrar que el pensamiento cr\u00edtico, la innovaci\u00f3n tecnol\u00f3gica y el trabajo en equipo caminan de la mano. La docente Adriana detall\u00f3 c\u00f3mo la instituci\u00f3n fomenta el debate pol\u00edtico e internacional a trav\u00e9s del Modelo [&#8230;]<\/p>\n<p><a href=\"https:\/\/www.radioestacion.com.ar\/debates-internacionales-y-autos-sustentables-la-pasion-tecnica-y-humana-del-ipet-n-50\/\">Fuente<\/a><\/p>\n","protected":false},"author":1,"featured_media":43256,"comment_status":"closed","ping_status":"closed","sticky":false,"template":"","format":"standard","meta":{"footnotes":""},"categories":[20],"tags":[],"_links":{"self":[{"href":"https:\/\/ritmocordoba.com\/index.php?rest_route=\/wp\/v2\/posts\/43255"}],"collection":[{"href":"https:\/\/ritmocordoba.com\/index.php?rest_route=\/wp\/v2\/posts"}],"about":[{"href":"https:\/\/ritmocordoba.com\/index.php?rest_route=\/wp\/v2\/types\/post"}],"author":[{"embeddable":true,"href":"https:\/\/ritmocordoba.com\/index.php?rest_route=\/wp\/v2\/users\/1"}],"replies":[{"embeddable":true,"href":"https:\/\/ritmocordoba.com\/index.php?rest_route=%2Fwp%2Fv2%2Fcomments&post=43255"}],"version-history":[{"count":0,"href":"https:\/\/ritmocordoba.com\/index.php?rest_route=\/wp\/v2\/posts\/43255\/revisions"}],"wp:featuredmedia":[{"embeddable":true,"href":"https:\/\/ritmocordoba.com\/index.php?rest_route=\/wp\/v2\/media\/43256"}],"wp:attachment":[{"href":"https:\/\/ritmocordoba.com\/index.php?rest_route=%2Fwp%2Fv2%2Fmedia&parent=43255"}],"wp:term":[{"taxonomy":"category","embeddable":true,"href":"https:\/\/ritmocordoba.com\/index.php?rest_route=%2Fwp%2Fv2%2Fcategories&post=43255"},{"taxonomy":"post_tag","embeddable":true,"href":"https:\/\/ritmocordoba.com\/index.php?rest_route=%2Fwp%2Fv2%2Ftags&post=43255"}],"curies":[{"name":"wp","href":"https:\/\/api.w.org\/{rel}","templated":true}]}}