{"id":43253,"date":"2026-09-02T16:57:00","date_gmt":"2026-09-02T16:57:00","guid":{"rendered":"https:\/\/puntal-editorialfundamento.cms.api.thinkindot.com\/c264155"},"modified":"2026-09-02T16:57:00","modified_gmt":"2026-09-02T16:57:00","slug":"visita-del-papa-a-cordoba-esperan-cerca-de-un-millon-de-personas-en-la-misa-en-fadea","status":"publish","type":"post","link":"https:\/\/ritmocordoba.com\/?p=43253","title":{"rendered":"Visita del Papa a C\u00f3rdoba: esperan cerca de un mill\u00f3n de personas en la misa en Fadea"},"content":{"rendered":"\n<div><img decoding=\"async\" src=\"http:\/\/ritmocordoba.com\/wp-content\/uploads\/2026\/09\/visita-del-papa-a-cordoba-esperan-cerca-de-un-millon-de-personas-en-la-misa-en-fadea.jpg\" class=\"ff-og-image-inserted\"><\/div>\n<div class=\"cuerpo\" data-twitter-link readability=\"52\">\n<p id=\"p-1788367724823-24220\"> Quien detall\u00f3 el estado de los preparativos fue Miguel Siciliano, ministro de Vinculaci\u00f3n y Gesti\u00f3n Institucional, en di\u00e1logo con <strong>Puntal AM<\/strong>. Seg\u00fan explic\u00f3, el trayecto previsto incluye tres paradas principales: la misa en Fadea, el Arzobispado de C\u00f3rdoba en el centro de la capital y la Iglesia Catedral, ubicada sobre la calle 27 de Abril, frente a la plaza San Mart\u00edn. En ese \u00faltimo punto, el Papa realizar\u00eda una actividad vinculada tanto a la iglesia como al pueblo cordob\u00e9s.<\/p>\n<h2 id=\"p-1788367724823-10672\">Fadea, el centro de la misa masiva<\/h2>\n<p id=\"p-1788367724823-33629\">Fadea no es un lugar elegido al azar: es el mismo sitio donde Juan Pablo II celebr\u00f3 su \u00faltima misa durante su visita a Argentina hace 40 a\u00f1os. Para ese acto se esperan entre 700.000 y un mill\u00f3n de personas, lo que exige una organizaci\u00f3n de escala in\u00e9dita en materia de alojamiento, transporte y seguridad.<\/p>\n<h2 id=\"p-1788367724823-87540\">Papam\u00f3vil y tres anillos de seguridad<\/h2>\n<p id=\"p-1788367724823-98196\">El operativo contempla un sistema interfuerzas con tres anillos de seguridad que rodean al Papa durante su circulaci\u00f3n y durante la misa. La Guardia del Vaticano, las fuerzas federales y las fuerzas provinciales integran ese esquema de manera coordinada. En cuanto al traslado, el gobierno provincial sugiri\u00f3 al Vaticano qu\u00e9 tramos podr\u00edan realizarse en veh\u00edculo cerrado y cu\u00e1les en papam\u00f3vil, aunque la decisi\u00f3n final corresponde a la Santa Sede.<\/p>\n<p id=\"p-1788367724823-32741\">La capacidad hotelera de la ciudad ronda las 13.500 plazas, un n\u00famero claramente insuficiente para absorber el flujo esperado. Siciliano record\u00f3 que durante la visita de Juan Pablo II, iglesias, clubes, escuelas y casas particulares de feligreses cordobeses abrieron sus puertas para alojar a los visitantes, y anticip\u00f3 que algo similar podr\u00eda repetirse.<\/p>\n<p id=\"p-1788367724823-47616\">Entre las razones por las que el Vaticano eligi\u00f3 C\u00f3rdoba, el ministro mencion\u00f3 la infraestructura vial y a\u00e9rea, la experiencia en organizaci\u00f3n de grandes eventos, la tradici\u00f3n religiosa de la provincia y la figura del Cura Brochero. La visita papal, seg\u00fan Siciliano, posicionar\u00e1 a C\u00f3rdoba en la agenda informativa mundial durante esos d\u00edas.<\/p>\n<div contenteditable=\"false\" class=\"embed_cont type_freetext\" rel=\"freetext\" id=\"embed134_wrap\" data-provider=\"YouTube\">\n<div id=\"embed134_content\" class=\"embed_content\">\n<p><iframe loading=\"lazy\" width=\"200\" height=\"113\" src=\"https:\/\/www.youtube.com\/embed\/tglAAg1MfWk?feature=oembed\" frameborder=\"0\" allow=\"accelerometer; autoplay; clipboard-write; encrypted-media; gyroscope; picture-in-picture; web-share\" referrerpolicy=\"strict-origin-when-cross-origin\" allowfullscreen title=\"Miguel Siciliano - Preparan la visita del Papa a C\u00f3rdoba\">[embedded content]<\/iframe><\/p>\n<\/p><\/div>\n<\/p><\/div>\n<\/p><\/div>\n","protected":false},"excerpt":{"rendered":"\n<p id=\"p-1788367689262-99376\" class=\"ignore-parser\">El gobierno provincial afina el operativo para recibir al Papa Francisco en C\u00f3rdoba, con misa en Fadea, tres anillos de seguridad y una movilizaci\u00f3n masiva<\/p>\n","protected":false},"author":1,"featured_media":43254,"comment_status":"closed","ping_status":"closed","sticky":false,"template":"","format":"standard","meta":{"footnotes":""},"categories":[26],"tags":[],"_links":{"self":[{"href":"https:\/\/ritmocordoba.com\/index.php?rest_route=\/wp\/v2\/posts\/43253"}],"collection":[{"href":"https:\/\/ritmocordoba.com\/index.php?rest_route=\/wp\/v2\/posts"}],"about":[{"href":"https:\/\/ritmocordoba.com\/index.php?rest_route=\/wp\/v2\/types\/post"}],"author":[{"embeddable":true,"href":"https:\/\/ritmocordoba.com\/index.php?rest_route=\/wp\/v2\/users\/1"}],"replies":[{"embeddable":true,"href":"https:\/\/ritmocordoba.com\/index.php?rest_route=%2Fwp%2Fv2%2Fcomments&post=43253"}],"version-history":[{"count":0,"href":"https:\/\/ritmocordoba.com\/index.php?rest_route=\/wp\/v2\/posts\/43253\/revisions"}],"wp:featuredmedia":[{"embeddable":true,"href":"https:\/\/ritmocordoba.com\/index.php?rest_route=\/wp\/v2\/media\/43254"}],"wp:attachment":[{"href":"https:\/\/ritmocordoba.com\/index.php?rest_route=%2Fwp%2Fv2%2Fmedia&parent=43253"}],"wp:term":[{"taxonomy":"category","embeddable":true,"href":"https:\/\/ritmocordoba.com\/index.php?rest_route=%2Fwp%2Fv2%2Fcategories&post=43253"},{"taxonomy":"post_tag","embeddable":true,"href":"https:\/\/ritmocordoba.com\/index.php?rest_route=%2Fwp%2Fv2%2Ftags&post=43253"}],"curies":[{"name":"wp","href":"https:\/\/api.w.org\/{rel}","templated":true}]}}