{"id":43249,"date":"2026-09-02T18:26:41","date_gmt":"2026-09-02T18:26:41","guid":{"rendered":"http:\/\/bd8301362b474e249e226518a3e6952c"},"modified":"2026-09-02T18:26:41","modified_gmt":"2026-09-02T18:26:41","slug":"el-pro-y-la-ucr-le-trabaron-el-super-rigi-a-milei-en-el-senado","status":"publish","type":"post","link":"https:\/\/ritmocordoba.com\/?p=43249","title":{"rendered":"El PRO y la UCR le trabaron el S\u00faper RIGI a Milei en el Senado"},"content":{"rendered":"\n<div class=\"media_block\"><img decoding=\"async\" src=\"http:\/\/ritmocordoba.com\/wp-content\/uploads\/2026\/09\/el-pro-y-la-ucr-le-trabaron-el-super-rigi-a-milei-en-el-senado.jpg\"><\/div>\n<div><img decoding=\"async\" src=\"http:\/\/ritmocordoba.com\/wp-content\/uploads\/2026\/09\/el-pro-y-la-ucr-le-trabaron-el-super-rigi-a-milei-en-el-senado-1.jpg\" class=\"ff-og-image-inserted\"><\/div>\n<p>El macrista Mart\u00edn G\u00f6erling, el radical Maximiliano Abad y Carlos &#8220;Camau&#8221; Esp\u00ednola frustraron este mi\u00e9rcoles el dictamen para el proyecto de S\u00faper RIGI que Patricia Bullrich puso en tratamiento en un plenario de comisiones del Senado. Bajo el frenes\u00ed que la ex ministra de Seguridad quiere imprimirle a la agenda parlamentaria, el fracaso del oficialismo es un contratiempo que la jefa de la bancada libertaria saborea en secreto como una revancha contra la factura que Karina Milei y los primos Mart\u00edn y Lule Menem pretendieron cobrarle por el traspi\u00e9 con la ley de tierras.<\/p>\n<p>La iniciativa ya cuenta con media sanci\u00f3n de la C\u00e1mara Baja y los pedidos de los aliados fastidiaron al oficialismo. Una senadora libertaria se quej\u00f3 por lo bajo de la conducta de ese grupo de legisladores dialoguistas: &#8220;Nuestros aliados son unos chotos, lo que hicieron hoy no se condice con lo que hicieron los diputados de su espacio&#8221;, dijo.<\/p>\n<p>La referencia apuntaba directamente a G\u00f6erling, Abad y Esp\u00ednola, que habr\u00edan mantenido una reuni\u00f3n en la previa y habr\u00edan acordado que no firmar\u00edan el dictamen. El desplante acaso sea un aviso del PRO, donde revista el misionero G\u00f6erling, y los senadores que responden a las provincias, que encuentran en Camau un interlocutor que los expresa, justo un d\u00eda despu\u00e9s que Patricia sali\u00f3 a decir que en 15 d\u00edas arrancar\u00eda el debate sobre reforma pol\u00edtica y eliminaci\u00f3n de las PASO.<\/p>\n<p>Antes de estampar su nombre en el dictamen, los tres senadores aliados exigen cambios al proyecto que la Casa Rosada no estar\u00eda dispuesta a aceptar. El m\u00e1s intolerable habr\u00eda sido que plantean la cl\u00e1usula para que se acepten como proveedoras a las empresas argentinas, en competencia con las extranjeras, a\u00fan cuando sus precios se ubiquen hasta un 15 por ciento por encima de los insumos for\u00e1neos.<\/p>\n<p>La jefa del bloque oficialista se habr\u00eda comprometido a conversar el asunto con el ministro de Econom\u00eda, Luis &#8220;Toto&#8221; Caputo, pero el gobierno entiende que las modificaciones &#8220;desnaturalizan&#8221; el proyecto en s\u00ed. &#8220;Si el S\u00faper RIGI tiene tanto problema, nos quedamos con el RIGI&#8221;, habr\u00eda sido la sacr\u00edlega conclusi\u00f3n de Bullrich que escucharon en su entorno.<\/p>\n<p>Como inform\u00f3 LPO, la senadora libertaria no renuncia a su proyecto presidencial y eso agudiza la confrontaci\u00f3n con Karina. Ante cada choque, sobreact\u00faa su adhesi\u00f3n a Javier Milei con un fervor que despierta sospechas en Olivos, tal como sucedi\u00f3 en su pelea con Victoria Villarruel despu\u00e9s de vapulear p\u00fablicamente a Manuel Adorni. <\/p>\n<p>Este martes la situaci\u00f3n acaso fue m\u00e1s problem\u00e1tica para los libertarios porque no consiguieron qu\u00f3rum para la reuni\u00f3n de comisi\u00f3n anterior, donde aspiraban a dictaminar un proyecto del radical Eduardo Vischi sobre un r\u00e9gimen de incentivos a las inversiones intermedio, entre el RIGI y el S\u00faper RIGI. <\/p>\n<p>De hecho la cita estaba convocada para las 11 y arrancaron tres minutos despu\u00e9s de las 13 y sin la cantidad de legisladores requeridos. Incluso, computaron como presente al chaque\u00f1o Jorge Capitanich, que se encontraba parado en el Sal\u00f3n Azul, relojeando para ver cu\u00e1ntos colegas suyos hab\u00eda sentados.<\/p>\n<p>Al frente de ese plenario, el libertario Agust\u00edn Monteverde tuvo que aceptar un cuarto intermedio, sin chances de dictaminar el proyecto. Fuentes parlamentarias deslizaron ante LPO que la mala praxis ofendi\u00f3 a Vischi.<\/p>\n","protected":false},"excerpt":{"rendered":"\n<div class=\"media_block\"><img decoding=\"async\" src=\"http:\/\/ritmocordoba.com\/wp-content\/uploads\/2026\/09\/el-pro-y-la-ucr-le-trabaron-el-super-rigi-a-milei-en-el-senado.jpg\"><\/div>\n<p>Los aliados exigen cambios que desnaturalizan el proyecto, seg\u00fan la Casa Rosada. &#8220;Si el S\u00faper RIGI tiene tanto problema, nos quedamos con el RIGI&#8221;, dijo Bullrich.  <\/p>\n","protected":false},"author":1,"featured_media":43250,"comment_status":"closed","ping_status":"closed","sticky":false,"template":"","format":"standard","meta":{"footnotes":""},"categories":[26],"tags":[],"_links":{"self":[{"href":"https:\/\/ritmocordoba.com\/index.php?rest_route=\/wp\/v2\/posts\/43249"}],"collection":[{"href":"https:\/\/ritmocordoba.com\/index.php?rest_route=\/wp\/v2\/posts"}],"about":[{"href":"https:\/\/ritmocordoba.com\/index.php?rest_route=\/wp\/v2\/types\/post"}],"author":[{"embeddable":true,"href":"https:\/\/ritmocordoba.com\/index.php?rest_route=\/wp\/v2\/users\/1"}],"replies":[{"embeddable":true,"href":"https:\/\/ritmocordoba.com\/index.php?rest_route=%2Fwp%2Fv2%2Fcomments&post=43249"}],"version-history":[{"count":0,"href":"https:\/\/ritmocordoba.com\/index.php?rest_route=\/wp\/v2\/posts\/43249\/revisions"}],"wp:featuredmedia":[{"embeddable":true,"href":"https:\/\/ritmocordoba.com\/index.php?rest_route=\/wp\/v2\/media\/43250"}],"wp:attachment":[{"href":"https:\/\/ritmocordoba.com\/index.php?rest_route=%2Fwp%2Fv2%2Fmedia&parent=43249"}],"wp:term":[{"taxonomy":"category","embeddable":true,"href":"https:\/\/ritmocordoba.com\/index.php?rest_route=%2Fwp%2Fv2%2Fcategories&post=43249"},{"taxonomy":"post_tag","embeddable":true,"href":"https:\/\/ritmocordoba.com\/index.php?rest_route=%2Fwp%2Fv2%2Ftags&post=43249"}],"curies":[{"name":"wp","href":"https:\/\/api.w.org\/{rel}","templated":true}]}}