{"id":43247,"date":"2026-09-02T17:44:56","date_gmt":"2026-09-02T17:44:56","guid":{"rendered":"https:\/\/cultura.cordoba.gob.ar\/?p=25720"},"modified":"2026-09-02T17:44:56","modified_gmt":"2026-09-02T17:44:56","slug":"el-cineclub-municipal-fue-parte-del-primer-encuentro-nacional-de-exhibidores-independientes-de-cine-de-chile","status":"publish","type":"post","link":"https:\/\/ritmocordoba.com\/?p=43247","title":{"rendered":"El Cineclub Municipal fue parte del Primer Encuentro Nacional de Exhibidores Independientes de Cine de Chile"},"content":{"rendered":"\n<p><b>El espacio cultural de la Municipalidad de C\u00f3rdoba particip\u00f3 como invitado internacional del Primer Encuentro Nacional de Exhibidores Independientes de Cine de Chile, donde present\u00f3 su trayectoria, modelo de gesti\u00f3n y programaci\u00f3n como caso de estudio. La actividad reuni\u00f3 a representantes de 30 espacios de exhibici\u00f3n audiovisual de todo el pa\u00eds.&nbsp;<\/b><\/p>\n<p><span>La Secretar\u00eda de Fortalecimiento Vecinal, Cultura y Deportes destaca la participaci\u00f3n del Cineclub Municipal en el Primer Encuentro Nacional de Exhibidores Independientes de Cine de Chile, realizado los d\u00edas 26, 27 y 28 de agosto en Santiago de Chile.<\/span><\/p>\n<p><span>El encuentro reuni\u00f3 a representantes de 30 espacios de exhibici\u00f3n audiovisual, provenientes de 23 comunas y 12 regiones de Chile, con el objetivo de generar instancias de formaci\u00f3n, intercambio y reflexi\u00f3n sobre los principales desaf\u00edos del sector: programaci\u00f3n, formaci\u00f3n y vinculaci\u00f3n con los p\u00fablicos, sostenibilidad, asociatividad y gesti\u00f3n territorial.<\/span><\/p>\n<p><span>En este marco, el Cineclub Municipal fue especialmente invitado, junto al Cine Umbral de Arequipa, Per\u00fa, para compartir su experiencia como caso de estudio. La presentaci\u00f3n estuvo centrada en los 25 a\u00f1os de trayectoria del espacio cordob\u00e9s, su modelo de gesti\u00f3n y programaci\u00f3n y el v\u00ednculo construido con la comunidad y sus p\u00fablicos.<\/span><\/p>\n<p><span>En representaci\u00f3n del Cineclub participaron Gloria Kreiman, subdirectora de Cooperaci\u00f3n Cultural de la Municipalidad de C\u00f3rdoba a cargo de la direcci\u00f3n del espacio, y Alejandro Cozza, coordinador y programador.<\/span><\/p>\n<p><span>Organizado por la Red Salas Independientes de Cine de Chile y financiado por el Ministerio de las Culturas, las Artes y el Patrimonio de ese pa\u00eds, el encuentro se desarroll\u00f3 en distintos espacios de Santiago, entre ellos la Cineteca Nacional de Chile, el Centro de Cine y Creaci\u00f3n y la Facultad de Comunicaciones de la Universidad Cat\u00f3lica de Chile. Durante las tres jornadas se realizaron clases magistrales, paneles, talleres y mesas de trabajo destinadas a fortalecer y profesionalizar la exhibici\u00f3n independiente.<\/span><\/p>\n<p><span>Uno de los ejes de la propuesta estuvo vinculado al conocimiento y la participaci\u00f3n de los p\u00fablicos, con la presencia de la investigadora mexicana Ana Rosas Mantec\u00f3n, especializada en p\u00fablicos de cine, museos, patrimonio y pol\u00edticas de acceso cultural. La especialista brind\u00f3 un seminario abierto y un taller para los participantes del encuentro.<\/span><\/p>\n<p><span>La participaci\u00f3n del Cineclub Municipal adquiere especial relevancia en el marco de su 25\u00b0 aniversario, que durante este a\u00f1o estuvo acompa\u00f1ado por distintos reconocimientos a su trayectoria. En junio, la revista francesa <\/span><i><span>Cahiers du Cin\u00e9ma<\/span><\/i><span> public\u00f3 una extensa nota sobre la Semana Mundial de la Cinefilia y el Cineclub, bajo el t\u00edtulo <\/span><i><span>\u201cEl alma de C\u00f3rdoba\u201d<\/span><\/i><span>, donde destac\u00f3 el espacio como un punto de encuentro para la cinefilia y puso en valor la comunidad construida alrededor de sus salas, su programaci\u00f3n y sus actividades.<\/span><\/p>\n<p><span>A esto se sum\u00f3 recientemente una distinci\u00f3n de Cepram, en reconocimiento a sus 25 a\u00f1os de trayectoria y a su aporte como espacio de encuentro, disfrute, difusi\u00f3n y formaci\u00f3n alrededor del cine.<\/span><\/p>\n<p><span>La presencia en el encuentro chileno suma as\u00ed una nueva instancia de intercambio y reconocimiento para el espacio, que contin\u00faa proyectando en el \u00e1mbito latinoamericano la experiencia construida desde C\u00f3rdoba en torno a la exhibici\u00f3n, la programaci\u00f3n y la formaci\u00f3n cinematogr\u00e1fica.<\/span><\/p>\n","protected":false},"excerpt":{"rendered":"<p> El espacio cultural de la Municipalidad de C\u00f3rdoba particip\u00f3 como invitado internacional del Primer Encuentro Nacional de Exhibidores Independientes de Cine de Chile, donde present\u00f3 su trayectoria, modelo de gesti\u00f3n [&#8230;]  <\/p>\n","protected":false},"author":1,"featured_media":0,"comment_status":"closed","ping_status":"closed","sticky":false,"template":"","format":"standard","meta":{"footnotes":""},"categories":[20,19],"tags":[86,28],"_links":{"self":[{"href":"https:\/\/ritmocordoba.com\/index.php?rest_route=\/wp\/v2\/posts\/43247"}],"collection":[{"href":"https:\/\/ritmocordoba.com\/index.php?rest_route=\/wp\/v2\/posts"}],"about":[{"href":"https:\/\/ritmocordoba.com\/index.php?rest_route=\/wp\/v2\/types\/post"}],"author":[{"embeddable":true,"href":"https:\/\/ritmocordoba.com\/index.php?rest_route=\/wp\/v2\/users\/1"}],"replies":[{"embeddable":true,"href":"https:\/\/ritmocordoba.com\/index.php?rest_route=%2Fwp%2Fv2%2Fcomments&post=43247"}],"version-history":[{"count":0,"href":"https:\/\/ritmocordoba.com\/index.php?rest_route=\/wp\/v2\/posts\/43247\/revisions"}],"wp:attachment":[{"href":"https:\/\/ritmocordoba.com\/index.php?rest_route=%2Fwp%2Fv2%2Fmedia&parent=43247"}],"wp:term":[{"taxonomy":"category","embeddable":true,"href":"https:\/\/ritmocordoba.com\/index.php?rest_route=%2Fwp%2Fv2%2Fcategories&post=43247"},{"taxonomy":"post_tag","embeddable":true,"href":"https:\/\/ritmocordoba.com\/index.php?rest_route=%2Fwp%2Fv2%2Ftags&post=43247"}],"curies":[{"name":"wp","href":"https:\/\/api.w.org\/{rel}","templated":true}]}}