{"id":43230,"date":"2026-09-01T22:25:50","date_gmt":"2026-09-01T22:25:50","guid":{"rendered":"https:\/\/www.radioestacion.com.ar\/?p=420001"},"modified":"2026-09-01T22:25:50","modified_gmt":"2026-09-01T22:25:50","slug":"sportivo-belgrano-ya-tiene-dia-y-hora-para-el-debut-oficial-de-marcelo-vazquez","status":"publish","type":"post","link":"https:\/\/ritmocordoba.com\/?p=43230","title":{"rendered":"Sportivo Belgrano ya tiene d\u00eda y hora para el debut oficial de Marcelo V\u00e1zquez"},"content":{"rendered":"\n<div><img decoding=\"async\" src=\"http:\/\/ritmocordoba.com\/wp-content\/uploads\/2026\/09\/sportivo-belgrano-ya-tiene-dia-y-hora-para-el-debut-oficial-de-marcelo-vazquez.webp\" class=\"ff-og-image-inserted\"><\/div>\n<h3 class=\"isSelectedEnd\">La \u00abVerde\u00bb visitar\u00e1 a Sol de Am\u00e9rica de Formosa el domingo 6 de septiembre desde las 19, por la s\u00e9ptima fecha del Nonagonal A.<\/h3>\n<p class=\"isSelectedEnd\">El encuentro se disputar\u00e1 en el estadio del conjunto formose\u00f1o y marcar\u00e1 un momento especial para Sportivo: ser\u00e1 el <strong>debut oficial de Marcelo V\u00e1zquez como entrenador<\/strong>, luego de asumir en reemplazo de Cristian \u00c1lvarez y Sebasti\u00e1n Scolari.<\/p>\n<p class=\"isSelectedEnd\">V\u00e1zquez fue presentado oficialmente este lunes y este martes comenz\u00f3 a trabajar con el plantel profesional. El nuevo cuerpo t\u00e9cnico tendr\u00e1 a <strong>Diego Burkhard como ayudante de campo<\/strong>, mientras que el resto de la estructura continuar\u00e1 siendo la que ya ven\u00eda desempe\u00f1\u00e1ndose en la instituci\u00f3n.<\/p>\n<p class=\"isSelectedEnd\">La \u201cVerde\u201d llegar\u00e1 al partido despu\u00e9s de cortar una extensa racha sin triunfos. El \u00faltimo domingo super\u00f3 <strong>2-0 a Bartolom\u00e9 Mitre de Posadas<\/strong> en el estadio Juan Pablo Francia, con goles de Gonzalo Tarifa y Germ\u00e1n Lesman.<\/p>\n<p class=\"isSelectedEnd\">Con esa victoria, Sportivo alcanz\u00f3 los <strong>5 puntos en seis presentaciones<\/strong>, producto de un triunfo, dos empates y tres derrotas. El equipo todav\u00eda tiene posibilidades de pelear por los primeros puestos de la zona, aunque necesita sumar en las dos fechas que quedan.<\/p>\n<p>Luego de su visita a Formosa, la \u201cVerde\u201d cerrar\u00e1 su participaci\u00f3n en el Nonagonal A <strong>el domingo 13 de septiembre<\/strong>, cuando reciba a Douglas Haig en San Francisco.<\/p>\n<blockquote class=\"wp-embedded-content\" data-secret=\"k5xoKeAi8B\">\n<p><a href=\"https:\/\/www.radioestacion.com.ar\/hay-material-para-pelear-marcelo-vazquez-asumio-en-sportivo\/\">\u00abHay material para pelear\u00bb: Marcelo V\u00e1zquez asumi\u00f3 en Sportivo<\/a><\/p>\n<\/blockquote>\n","protected":false},"excerpt":{"rendered":"<p> La \u00abVerde\u00bb visitar\u00e1 a Sol de Am\u00e9rica de Formosa el domingo 6 de septiembre desde las 19, por la s\u00e9ptima fecha del Nonagonal A. El encuentro se disputar\u00e1 en el estadio del conjunto formose\u00f1o y marcar\u00e1 un momento especial para Sportivo: ser\u00e1 el debut oficial de Marcelo V\u00e1zquez como entrenador, luego de asumir en reemplazo [&#8230;]<\/p>\n<p><a href=\"https:\/\/www.radioestacion.com.ar\/sportivo-belgrano-ya-tiene-dia-y-hora-para-el-debut-oficial-de-marcelo-vazquez\/\">Fuente<\/a><\/p>\n","protected":false},"author":1,"featured_media":43231,"comment_status":"closed","ping_status":"closed","sticky":false,"template":"","format":"standard","meta":{"footnotes":""},"categories":[20],"tags":[],"_links":{"self":[{"href":"https:\/\/ritmocordoba.com\/index.php?rest_route=\/wp\/v2\/posts\/43230"}],"collection":[{"href":"https:\/\/ritmocordoba.com\/index.php?rest_route=\/wp\/v2\/posts"}],"about":[{"href":"https:\/\/ritmocordoba.com\/index.php?rest_route=\/wp\/v2\/types\/post"}],"author":[{"embeddable":true,"href":"https:\/\/ritmocordoba.com\/index.php?rest_route=\/wp\/v2\/users\/1"}],"replies":[{"embeddable":true,"href":"https:\/\/ritmocordoba.com\/index.php?rest_route=%2Fwp%2Fv2%2Fcomments&post=43230"}],"version-history":[{"count":0,"href":"https:\/\/ritmocordoba.com\/index.php?rest_route=\/wp\/v2\/posts\/43230\/revisions"}],"wp:featuredmedia":[{"embeddable":true,"href":"https:\/\/ritmocordoba.com\/index.php?rest_route=\/wp\/v2\/media\/43231"}],"wp:attachment":[{"href":"https:\/\/ritmocordoba.com\/index.php?rest_route=%2Fwp%2Fv2%2Fmedia&parent=43230"}],"wp:term":[{"taxonomy":"category","embeddable":true,"href":"https:\/\/ritmocordoba.com\/index.php?rest_route=%2Fwp%2Fv2%2Fcategories&post=43230"},{"taxonomy":"post_tag","embeddable":true,"href":"https:\/\/ritmocordoba.com\/index.php?rest_route=%2Fwp%2Fv2%2Ftags&post=43230"}],"curies":[{"name":"wp","href":"https:\/\/api.w.org\/{rel}","templated":true}]}}