{"id":43204,"date":"2026-08-31T17:15:38","date_gmt":"2026-08-31T17:15:38","guid":{"rendered":"http:\/\/5abbef68f628602ba98bb2b4d2dcfab1"},"modified":"2026-08-31T17:15:38","modified_gmt":"2026-08-31T17:15:38","slug":"en-el-ultima-cumbre-del-peronismo-se-acordo-unidad-con-competencia","status":"publish","type":"post","link":"https:\/\/ritmocordoba.com\/?p=43204","title":{"rendered":"&#8220;En el \u00faltima cumbre del peronismo se acord\u00f3 unidad con competencia&#8221;"},"content":{"rendered":"\n<div class=\"media_block\"><img decoding=\"async\" src=\"http:\/\/ritmocordoba.com\/wp-content\/uploads\/2026\/08\/en-el-ultima-cumbre-del-peronismo-se-acordo-unidad-con-competencia.jpg\"><\/div>\n<div><img decoding=\"async\" src=\"http:\/\/ritmocordoba.com\/wp-content\/uploads\/2026\/08\/en-el-ultima-cumbre-del-peronismo-se-acordo-unidad-con-competencia-1.jpg\" class=\"ff-og-image-inserted\"><\/div>\n<p>Ignacio Fidanza revel\u00f3 en GPS, el programa de Rolandro Gra\u00f1a en Am\u00e9rica TV, que el peronismo acord\u00f3 en la cumbre realizada d\u00edas atr\u00e1s en el Hotel Emperador que en 2027 habr\u00e1 unidad, pero con competencia interna para definir las candidaturas.<\/p>\n<p>&#8220;En el peronismo, en la reuni\u00f3n en la que estaban Massa, Kicillof y M\u00e1ximo, ah\u00ed se acord\u00f3 unidad con competencia&#8221;, cont\u00f3 el director de La Pol\u00edtica Online. &#8220;Esto todav\u00eda no trascendi\u00f3 mucho, lo que trascendi\u00f3 es que decidieron defender las PASO que es una expresi\u00f3n de deseo&#8221;, agreg\u00f3.<\/p>\n<p>&#8220;B\u00e1sicamente hoy ser\u00eda Kicillof contra Massa. No hoy hoy en la cancha otra cosa. La C\u00e1mpora yo imagino que m\u00e1s cerca de Massa. Eso hoy&#8221;, relat\u00f3 el director de LPO. &#8220;Si esto ocurre va a ser una primaria de verdad como no tiene el peronismo desde Menen-Cafiero. O sea, dos candidatos j\u00f3venes, competitivos, con armado, conocidos&#8221;, indic\u00f3.<\/p>\n<p>&#8220;Lo que queda tambi\u00e9n con un gran interrogante, si esto termina configur\u00e1ndose as\u00ed, es la provincia de Buenos Aires. Porque digamos la hip\u00f3tesis de acuerdo es Kicillof candidato a presidente, Massa candidato a gobernador. Eso es lo que se habla en el peronismo. Si no hay acuerdo y hay interna, la discusi\u00f3n es la provincia&#8221;, se\u00f1al\u00f3.<\/p>\n<p><a href=\"https:\/\/www.lapoliticaonline.com\/tools\/redirect.php?t=3&amp;i=353931&amp;s=5bba65e5bb81c7729dd4cd077c995e2a\" target=\"_blank\" class=\"link-type-content content-type-noticia-ar\" rel=\"noopener\">&nbsp;Un sector del ala pol\u00edtica del gobierno cree que es un error suspender las PASO<\/a><\/p>\n<p>Fidanza tambi\u00e9n dijo que en el gobierno de los Milei se termin\u00f3 el debate interno sobre la conveniencia o no de eliminar las PASO, ya que un sector del ala pol\u00edtica dec\u00eda que era mejor mantener la primaria para que el peronismo no le plante dos o tres candidatos de centro derecha que le quiten votos al presidente.<\/p>\n<p>&#8220;La decisi\u00f3n esta semana fue &#8216;vamos a eliminar las PASO&#8217; Porque la opini\u00f3n de Santiago Caputo es que el peronismo es un quilombo y que sin las PASO es mucho m\u00e1s f\u00e1cil desordenarlos, evitar que lleguen a una s\u00edntesis&#8221;, dijo Fidanza.<\/p>\n<p>El director de LPO cont\u00f3 que &#8220;est\u00e1 bastante avanzada&#8221; la candidatura de Victoria Villarruel, pero todav\u00eda no se va a lanzar. &#8220;Ella quiere ser candidata presidente. En el gobierno hablan de seis puntos, que es un mont\u00f3n&#8221;, coment\u00f3. &#8220;Hay un sector del peronismo de derecha que podr\u00eda ayudarla. El problema de Villarruel es que es muy dif\u00edcil mantener los v\u00ednculos con ella, es brava. Entonces, lo que dicen es &#8216;bueno, hay que ayudarla, pero los \u00faltimos tres meses porque m\u00e1s la relaci\u00f3n no aguanta'&#8221;, revel\u00f3.<\/p>\n<p>Finalmente, Fidanza cont\u00f3 que&nbsp;Patricia Bullrich mantiene sus planes presidenciales. &#8220;Ella dice &#8216;si Milei cae a 20 puntos, voy yo y le gano a Menem, a cualquiera&#8217;. Por eso ella tiene una posici\u00f3n ambigua con las PASO. Dice que hay que eliminarlas, pero que hay que buscar un mecanismo que evite el dedo. Un mensaje directo a Karina&#8221;, analiz\u00f3. &#8220;Ella termin\u00f3 de distanciarse del gobierno cuando arman esta mesa de negociaci\u00f3n con el PRO, que b\u00e1sicamente la lideran los Menem, y la dejan afuera&#8221;, complet\u00f3.&nbsp;<\/p>\n","protected":false},"excerpt":{"rendered":"\n<div class=\"media_block\"><img decoding=\"async\" src=\"http:\/\/ritmocordoba.com\/wp-content\/uploads\/2026\/08\/en-el-ultima-cumbre-del-peronismo-se-acordo-unidad-con-competencia.jpg\"><\/div>\n<p>Ignacio Fidanza revel\u00f3 en GPS que en el gobierno se termin\u00f3 el debate interno sobre las PASO y se resolvi\u00f3 avanzar con la eliminaci\u00f3n.  <\/p>\n","protected":false},"author":1,"featured_media":43205,"comment_status":"closed","ping_status":"closed","sticky":false,"template":"","format":"standard","meta":{"footnotes":""},"categories":[26],"tags":[],"_links":{"self":[{"href":"https:\/\/ritmocordoba.com\/index.php?rest_route=\/wp\/v2\/posts\/43204"}],"collection":[{"href":"https:\/\/ritmocordoba.com\/index.php?rest_route=\/wp\/v2\/posts"}],"about":[{"href":"https:\/\/ritmocordoba.com\/index.php?rest_route=\/wp\/v2\/types\/post"}],"author":[{"embeddable":true,"href":"https:\/\/ritmocordoba.com\/index.php?rest_route=\/wp\/v2\/users\/1"}],"replies":[{"embeddable":true,"href":"https:\/\/ritmocordoba.com\/index.php?rest_route=%2Fwp%2Fv2%2Fcomments&post=43204"}],"version-history":[{"count":0,"href":"https:\/\/ritmocordoba.com\/index.php?rest_route=\/wp\/v2\/posts\/43204\/revisions"}],"wp:featuredmedia":[{"embeddable":true,"href":"https:\/\/ritmocordoba.com\/index.php?rest_route=\/wp\/v2\/media\/43205"}],"wp:attachment":[{"href":"https:\/\/ritmocordoba.com\/index.php?rest_route=%2Fwp%2Fv2%2Fmedia&parent=43204"}],"wp:term":[{"taxonomy":"category","embeddable":true,"href":"https:\/\/ritmocordoba.com\/index.php?rest_route=%2Fwp%2Fv2%2Fcategories&post=43204"},{"taxonomy":"post_tag","embeddable":true,"href":"https:\/\/ritmocordoba.com\/index.php?rest_route=%2Fwp%2Fv2%2Ftags&post=43204"}],"curies":[{"name":"wp","href":"https:\/\/api.w.org\/{rel}","templated":true}]}}