{"id":43203,"date":"2026-08-31T17:44:33","date_gmt":"2026-08-31T17:44:33","guid":{"rendered":"https:\/\/cultura.cordoba.gob.ar\/?p=25693"},"modified":"2026-08-31T17:44:33","modified_gmt":"2026-08-31T17:44:33","slug":"la-orquesta-de-cuerdas-municipal-celebra-70-anos-este-jueves-con-un-concierto-en-el-teatro-comedia","status":"publish","type":"post","link":"https:\/\/ritmocordoba.com\/?p=43203","title":{"rendered":"La Orquesta de Cuerdas Municipal celebra 70 a\u00f1os este jueves con un concierto en el Teatro Comedia"},"content":{"rendered":"\n<p><strong>El elenco municipal celebrar\u00e1 su 70\u00b0 aniversario con un concierto este jueves 3 de septiembre, a las 20:00, en el Teatro Comedia. La entrada ser\u00e1 gratuita hasta agotar la capacidad de la sala.<\/strong><\/p>\n<p>La Secretar\u00eda de Fortalecimiento Vecinal, Cultura y Deportes invita a celebrar los 70 a\u00f1os de la Orquesta de Cuerdas Municipal con un concierto este jueves 3 de septiembre, a las 20:00, en el Teatro Comedia (Rivadavia 254).<br \/>La presentaci\u00f3n forma parte de la programaci\u00f3n especial que el elenco desarrolla durante este a\u00f1o para conmemorar siete d\u00e9cadas de trayectoria y de presencia en la vida cultural de C\u00f3rdoba. Bajo la direcci\u00f3n actual del Maestro Santiago Ruiz, la Orquesta de Cuerdas Municipal contin\u00faa desarrollando una propuesta art\u00edstica que combina la tradici\u00f3n de la m\u00fasica de c\u00e1mara con un repertorio amplio y diverso.<br \/>Desde su creaci\u00f3n en 1956, la Orquesta de Cuerdas Municipal atraves\u00f3 distintas etapas y ampli\u00f3 su repertorio, pasando de la m\u00fasica de c\u00e1mara a incorporar compositores argentinos, m\u00fasica popular y expresiones vinculadas con la m\u00fasica ciudadana. Este recorrido ser\u00e1 parte del contexto de una celebraci\u00f3n que reconoce tanto su historia como su continuidad en la escena cultural de la ciudad.<br \/>La entrada es libre y gratuita hasta agotar la capacidad de la sala y se retiran por la boleter\u00eda desde dos horas antes del comienzo de la funci\u00f3n.<\/p>\n<p><strong>Un origen marcado por la \u00abAlta Cultura\u00bb y el Compromiso P\u00fablico<\/strong><\/p>\n<p>La historia de esta instituci\u00f3n se remonta oficialmente al 2 de julio de 1956, fecha en la que se rubric\u00f3 el Decreto N\u00b0 828-A-56. Bajo la gesti\u00f3n del entonces Comisionado Municipal, se decidi\u00f3 dar respuesta a las numerosas sugerencias que solicitaban la creaci\u00f3n de un cuerpo de maestros dedicado a la \u201cejecuci\u00f3n de m\u00fasica seleccionada\u00bb. El decreto fundacional fundament\u00f3 su creaci\u00f3n en la premisa de que la m\u00fasica de c\u00e1mara es una \u00abexpresi\u00f3n superior del arte musical\u00bb, la cual debe ser estimulada por la Comuna en nombre de los \u00abprincipios de alta cultura\u00bb.<\/p>\n<p>Desde su nacimiento, la orquesta (denominada originalmente Orquesta Municipal de M\u00fasica de C\u00e1mara) fue concebida para funcionar de manera permanente bajo la \u00f3rbita de la Secretar\u00eda de Gobierno. Su misi\u00f3n inicial era clara: ejecutar partituras de maestros nacionales y extranjeros en conciertos patri\u00f3ticos, populares y funciones extraordinarias. En aquel primer cuerpo docente y art\u00edstico se destacaron figuras como el Maestro Preparador Alfredo Luis Nihoul, el viol\u00edn concertino H\u00e9ctor Molinari, y un talentoso grupo de m\u00fasicos en violines, violas, violonchelos, contrabajo y piano.<\/p>\n<p><strong>La Huella de Alfredo Luis Nihoul y la evoluci\u00f3n Institucional<\/strong><\/p>\n<p>La figura de Alfredo Luis Nihoul es inseparable de la historia musical de C\u00f3rdoba. No solo fue el maestro preparador de la orquesta en sus inicios, sino que tambi\u00e9n fue el gran impulsor de la Academia Municipal de M\u00fasica en 1965. Nihoul imagin\u00f3 un espacio de iniciaci\u00f3n musical gratuita para ni\u00f1os y j\u00f3venes, facilitando el acceso a instrumentos de viento y percusi\u00f3n. Su legado es tan profundo que, tras su fallecimiento, la academia recibi\u00f3 su nombre en 1971 por ordenanza municipal.<\/p>\n<p>A lo largo de los a\u00f1os, la orquesta ha evolucionado junto con el contexto sociopol\u00edtico del pa\u00eds. Durante los periodos de alternancia entre democracia y dictaduras, las instituciones musicales municipales (incluyendo la orquesta y las bandas) atravesaron diversas etapas.<\/p>\n<p>Con el retorno definitivo de la democracia en 1983, se inici\u00f3 un proceso de renovaci\u00f3n pedag\u00f3gica y art\u00edstica, reemplazando los repertorios m\u00e1s r\u00edgidos por obras universales y fomentando la creaci\u00f3n de ensambles instrumentales m\u00e1s diversos. De este ecosistema cultural surgieron m\u00e1s tarde otros elencos de renombre, como la Banda Sinf\u00f3nica Municipal en el a\u00f1o 2000 y el Ensamble de M\u00fasica Ciudadana, que tuvo su origen en un taller de guitarra de la propia academia antes de independizarse como elenco estable.<\/p>\n<p><strong>Un repertorio vers\u00e1til y una misi\u00f3n social<\/strong><\/p>\n<p>La Orquesta de Cuerdas Municipal se define hoy por su versatilidad. Su repertorio abarca desde el Barroco hasta la m\u00fasica contempor\u00e1nea, integrando de manera org\u00e1nica arreglos de m\u00fasica popular, fundamentalmente argentina Esta apertura hacia lo popular es lo que ha permitido que la orquesta sea una voz aut\u00e9ntica de la \u201cm\u00fasica ciudadana\u201d, promoviendo tanto a los autores consagrados como a los nuevos talentos.<\/p>\n<p>Bajo la direcci\u00f3n actual del Maestro Santiago Ruiz, el elenco mantiene un firme compromiso con la ciudadan\u00eda. M\u00e1s all\u00e1 de los escenarios tradicionales como el Teatro del Libertador o el Teatro Comedia, la orquesta desarrolla una intensa labor de extensi\u00f3n y proyectos sociales, buscando democratizar el acceso a la m\u00fasica de calidad. Durante el periodo de distanciamiento social, este compromiso no decay\u00f3, trasladando las clases y estrenos a formatos virtuales para sostener el v\u00ednculo con la comunidad.<\/p>\n<p><strong>El Futuro de la Orquesta<\/strong><\/p>\n<p>Con siete d\u00e9cadas de historia, la Orquesta de Cuerdas Municipal no solo mira hacia atr\u00e1s con orgullo por haber contado con directores de la talla de Herbert Diehl, Daniel Schapiro, Jorge Gabriel Fontenla y Hadrian \u00c1vila Arzuza, sino que se proyecta hacia el futuro como una instituci\u00f3n de vanguardia.<\/p>\n<p>Este cuerpo art\u00edstico oficial contin\u00faa siendo un faro de excelencia que, en palabras de su actual director, busca seguir profundizando su rol social y art\u00edstico, asegurando que la m\u00fasica siga siendo un derecho accesible para todos los vecinos de C\u00f3rdoba. Este aniversario no es solo la celebraci\u00f3n de un decreto firmado en 1956; es el festejo de una comunidad que ha sabido mantener viva su banda sonora a pesar de los desaf\u00edos del tiempo, consolidando a la Orquesta de Cuerdas Municipal como un tesoro viviente de nuestra identidad cultural.<\/p>\n","protected":false},"excerpt":{"rendered":"<p> El elenco municipal celebrar\u00e1 su 70\u00b0 aniversario con un concierto este jueves 3 de septiembre, a las 20:00, en el Teatro Comedia. La entrada ser\u00e1 gratuita hasta agotar la capacidad [&#8230;]  <\/p>\n","protected":false},"author":1,"featured_media":0,"comment_status":"closed","ping_status":"closed","sticky":false,"template":"","format":"standard","meta":{"footnotes":""},"categories":[20,19],"tags":[28],"_links":{"self":[{"href":"https:\/\/ritmocordoba.com\/index.php?rest_route=\/wp\/v2\/posts\/43203"}],"collection":[{"href":"https:\/\/ritmocordoba.com\/index.php?rest_route=\/wp\/v2\/posts"}],"about":[{"href":"https:\/\/ritmocordoba.com\/index.php?rest_route=\/wp\/v2\/types\/post"}],"author":[{"embeddable":true,"href":"https:\/\/ritmocordoba.com\/index.php?rest_route=\/wp\/v2\/users\/1"}],"replies":[{"embeddable":true,"href":"https:\/\/ritmocordoba.com\/index.php?rest_route=%2Fwp%2Fv2%2Fcomments&post=43203"}],"version-history":[{"count":0,"href":"https:\/\/ritmocordoba.com\/index.php?rest_route=\/wp\/v2\/posts\/43203\/revisions"}],"wp:attachment":[{"href":"https:\/\/ritmocordoba.com\/index.php?rest_route=%2Fwp%2Fv2%2Fmedia&parent=43203"}],"wp:term":[{"taxonomy":"category","embeddable":true,"href":"https:\/\/ritmocordoba.com\/index.php?rest_route=%2Fwp%2Fv2%2Fcategories&post=43203"},{"taxonomy":"post_tag","embeddable":true,"href":"https:\/\/ritmocordoba.com\/index.php?rest_route=%2Fwp%2Fv2%2Ftags&post=43203"}],"curies":[{"name":"wp","href":"https:\/\/api.w.org\/{rel}","templated":true}]}}