{"id":43185,"date":"2026-08-30T11:04:36","date_gmt":"2026-08-30T11:04:36","guid":{"rendered":"https:\/\/puntal-editorialfundamento.cms.api.thinkindot.com\/c263952"},"modified":"2026-08-30T11:04:36","modified_gmt":"2026-08-30T11:04:36","slug":"tras-la-reunion-con-santilli-en-el-panal-aseguran-que-zona-fria-no-se-negociara","status":"publish","type":"post","link":"https:\/\/ritmocordoba.com\/?p=43185","title":{"rendered":"Tras la reuni\u00f3n con Santilli, en El Panal aseguran que Zona Fr\u00eda no se negociar\u00e1"},"content":{"rendered":"\n<div><img decoding=\"async\" src=\"http:\/\/ritmocordoba.com\/wp-content\/uploads\/2026\/08\/tras-la-reunion-con-santilli-en-el-panal-aseguran-que-zona-fria-no-se-negociara.jpg\" class=\"ff-og-image-inserted\"><\/div>\n<div class=\"cuerpo\" data-twitter-link readability=\"37\">\n<p id=\"p-1788087825067-30156\"> \u201cNosotros no vamos a acompa\u00f1ar su eliminaci\u00f3n en el Congreso\u201d, sostuvieron en la Provincia y agregaron que \u201cla senadora (Alejandra)Vigo acompa\u00f1ar\u00e1 la decisi\u00f3n de no apoyar el proyecto oficialista\u201d.<\/p>\n<p id=\"p-1788087825067-10893\">En C\u00f3rdoba, de aprobarse, la ley impactar\u00eda en m\u00e1s de 712 mil familias que gozan del beneficio de un descuento del 50%.<\/p>\n<p id=\"p-1788087825067-40976\">La preocupaci\u00f3n por el tema se reactualiz\u00f3 luego del acuerdo entre funcionarios nacionales con los mandatarios del Norte Grande, que no incluye a la provincia de C\u00f3rdoba.<\/p>\n<p id=\"p-1788087825067-98878\">Al respecto, la diputada de Provincias Unidas Carolina Basualdo dijo a <strong>Puntal <\/strong>que los usuarios del servicio podr\u00edan afrontar subas de hasta el 100% en gas.<\/p>\n<p id=\"p-1788087825067-2926\">La legisladora cordobesista critic\u00f3 el proyecto del Gobierno que busca modificar el r\u00e9gimen y dejar\u00eda a la Provincia fuera del beneficio, lo calific\u00f3 de \u201cincoherente\u201d y alert\u00f3 por el impacto que tendr\u00eda sobre los hogares cordobeses.<\/p>\n<p id=\"p-1788087825067-57309\">Desde El Panal, se se\u00f1al\u00f3 que \u201cla posici\u00f3n de C\u00f3rdoba le fue comunicada a Santilli durante la audiencia en la Casa Rosada\u201d.<\/p>\n<p id=\"p-1788087825067-18265\">Dicha postura coincide con la de Santa Fe y Entre R\u00edos.<\/p>\n<p id=\"p-1788087825067-14254\">La Provincia tambi\u00e9n les pidi\u00f3 a los senadores nacionales de LLA Luis Juez y Carmen \u00c1lvarez Rivero que no voten la iniciativa.<\/p>\n<\/p><\/div>\n","protected":false},"excerpt":{"rendered":"\n<p id=\"p-1788087800047-52528\" class=\"ignore-parser\">\u201cNosotros no vamos a respaldar su eliminaci\u00f3n en el Congreso\u201d, manifiestan en la Provincia y agregan que \u201cVigo acompa\u00f1ar\u00e1 la decisi\u00f3n de no apoyar el proyecto oficialista\u201d. En C\u00f3rdoba, impactar\u00eda en m\u00e1s de 712 mil familias<\/p>\n","protected":false},"author":1,"featured_media":43186,"comment_status":"closed","ping_status":"closed","sticky":false,"template":"","format":"standard","meta":{"footnotes":""},"categories":[26],"tags":[],"_links":{"self":[{"href":"https:\/\/ritmocordoba.com\/index.php?rest_route=\/wp\/v2\/posts\/43185"}],"collection":[{"href":"https:\/\/ritmocordoba.com\/index.php?rest_route=\/wp\/v2\/posts"}],"about":[{"href":"https:\/\/ritmocordoba.com\/index.php?rest_route=\/wp\/v2\/types\/post"}],"author":[{"embeddable":true,"href":"https:\/\/ritmocordoba.com\/index.php?rest_route=\/wp\/v2\/users\/1"}],"replies":[{"embeddable":true,"href":"https:\/\/ritmocordoba.com\/index.php?rest_route=%2Fwp%2Fv2%2Fcomments&post=43185"}],"version-history":[{"count":0,"href":"https:\/\/ritmocordoba.com\/index.php?rest_route=\/wp\/v2\/posts\/43185\/revisions"}],"wp:featuredmedia":[{"embeddable":true,"href":"https:\/\/ritmocordoba.com\/index.php?rest_route=\/wp\/v2\/media\/43186"}],"wp:attachment":[{"href":"https:\/\/ritmocordoba.com\/index.php?rest_route=%2Fwp%2Fv2%2Fmedia&parent=43185"}],"wp:term":[{"taxonomy":"category","embeddable":true,"href":"https:\/\/ritmocordoba.com\/index.php?rest_route=%2Fwp%2Fv2%2Fcategories&post=43185"},{"taxonomy":"post_tag","embeddable":true,"href":"https:\/\/ritmocordoba.com\/index.php?rest_route=%2Fwp%2Fv2%2Ftags&post=43185"}],"curies":[{"name":"wp","href":"https:\/\/api.w.org\/{rel}","templated":true}]}}