{"id":43181,"date":"2026-08-28T15:47:00","date_gmt":"2026-08-28T15:47:00","guid":{"rendered":"http:\/\/6a9194d0b4a2b29aa763acaf"},"modified":"2026-08-28T15:47:00","modified_gmt":"2026-08-28T15:47:00","slug":"la-agenda-de-eventos-del-fin-de-semana-del-28-al-30-de-agosto","status":"publish","type":"post","link":"https:\/\/ritmocordoba.com\/?p=43181","title":{"rendered":"La agenda de eventos del fin de semana del 28 al 30 de agosto"},"content":{"rendered":"\n<div class=\"media_block\"><img decoding=\"async\" src=\"http:\/\/ritmocordoba.com\/wp-content\/uploads\/2026\/08\/la-agenda-de-eventos-del-fin-de-semana-del-28-al-30-de-agosto.jpg\"><\/div>\n<div><img decoding=\"async\" src=\"https:\/\/periodico-app.tadevel-cdn.com\/hostname\/el-periodico.com.ar\/api\/v1\/image\/article\/6a9194d0b4a2b29aa763acaf\/facebook?v=591b07956a673a53301c042b677f355a&amp;s=ba2577be643a57e59da5588ec169653a\" class=\"ff-og-image-inserted\"><\/div>\n<p><tadevel-ad sizes=\"336x280-300x300-300x250-300x200-300x100, 728x90-336x280-300x300-300x250-300x200-300x100 1024w\" slot-id=\"article-content-01\"><\/tadevel-ad><\/p>\n<p>La ciudad y la regi\u00f3n ofrecen una variada agenda de espect\u00e1culos, cultura y propuestas para el fin de semana. Estas son las actividades destacadas para el fin de semana desde el viernes 28 al domingo 30 de agosto en San Francisco.<\/p>\n<h3>Viernes 28 de agosto<\/h3>\n<h4><strong>En Voz Baja, con Daniel Balangione<\/strong><\/h4>\n<p>El viernes 28 de agosto, a las 21, llega al Teatrillo &#8220;En Voz Baja&#8221;, el ciclo \u00edntimo de m\u00fasica, historias y charla mano a mano, en esta oportunidad con el cantante <strong>Daniel Balangione<\/strong>. Las entradas se consiguen en la boleter\u00eda del Teatrillo, de martes a viernes de 19 a 21.<\/p>\n<p><tadevel-ad sizes=\"336x280-300x300-300x250-300x200-300x100, 728x90-336x280-300x300-300x250-300x200-300x100 1024w\" slot-id=\"article-content-02\"><\/tadevel-ad><\/p>\n<h3>S\u00e1bado 29 de agosto<\/h3>\n<h4><strong>Remate de bienes del ex comedor La Estancia<\/strong><\/h4>\n<p>Remate p\u00fablico con liquidaci\u00f3n de bienes del ex comedor La Estancia, desde las 10 en la ruta nacional 158, en el ingreso a San Francisco. Se vender\u00e1n sin base electrodom\u00e9sticos, vajilla, herramientas, bebidas y otros lotes, con servicio de cantina y estacionamiento interno.<\/p>\n<p>M\u00e1s informaci\u00f3n: <a href=\"https:\/\/el-periodico.com.ar\/local\/rematan-muebles--electrodomesticos-y-herramientas-del-ex-comedor-la-estancia-en-san-francisco_a6a8f00f16fd347737cffab95\">Rematan muebles, electrodom\u00e9sticos y herramientas del ex comedor La Estancia en San Francisco<\/a><\/p>\n<p><tadevel-ad sizes=\"336x280-300x300-300x250-300x200-300x100, 728x90-336x280-300x300-300x250-300x200-300x100 1024w\" slot-id=\"article-content-03\"><\/tadevel-ad><\/p>\n<h4><strong>Festejo del D\u00eda del Ni\u00f1o de Scotta y Asociados<\/strong><\/h4>\n<p>Caravana por el D\u00eda del Ni\u00f1o bajo la propuesta &#8220;D\u00eda del Superh\u00e9roe&#8221;, de 11 a 13 en Col\u00f3n 1252, San Francisco. Los chicos podr\u00e1n acercarse con sus familias en auto, moto o a pie para recibir una capa y otros regalos; la cantidad de capas es limitada.<\/p>\n<p>M\u00e1s informaci\u00f3n: <a href=\"https:\/\/el-periodico.com.ar\/local\/scotta-y-asociados-festeja-el-dia-del-nino--como-participar_a6a9171adb4a2b29aa760d5ab\">Scotta y Asociados festeja el D\u00eda del Ni\u00f1o: c\u00f3mo participar<\/a><\/p>\n<h4><strong>Recreaci\u00f3n de la foto hist\u00f3rica de Plaza San Francisco<\/strong><\/h4>\n<p><tadevel-ad sizes=\"336x280-300x300-300x250-300x200-300x100, 728x90-336x280-300x300-300x250-300x200-300x100 1024w\" slot-id=\"article-content-04\"><\/tadevel-ad><\/p>\n<p>Encuentro abierto a toda la comunidad para recrear la foto hist\u00f3rica de Plaza San Francisco por los 140 a\u00f1os de la ciudad, a las 15 frente a la Iglesia San Francisco de As\u00eds. Organiza la Fundaci\u00f3n Archivo Gr\u00e1fico y Museo Hist\u00f3rico; consultas al 3564 608752.<\/p>\n<p>M\u00e1s informaci\u00f3n: <a href=\"https:\/\/el-periodico.com.ar\/local\/este-sabado-29-se-hara-la-recreacion-de-la-foto-historica-por-los-140-anos-de-san-francisco_a6a917f5bb4a2b29aa7622354\">Este s\u00e1bado 29 se har\u00e1 la recreaci\u00f3n de la foto hist\u00f3rica por los 140 a\u00f1os de San Francisco<\/a><\/p>\n<h4><strong>El Tala festeja sus 80 a\u00f1os con una fiesta en el Superdomo<\/strong><\/h4>\n<p><tadevel-ad sizes=\"336x280-300x300-300x250-300x200-300x100, 728x90-336x280-300x300-300x250-300x200-300x100 1024w\" slot-id=\"article-content-05\"><\/tadevel-ad><\/p>\n<p>El s\u00e1bado 29 de agosto, desde las 21, en el Superdomo de San Francisco, el <strong>Club El Tala<\/strong> celebra sus 80 a\u00f1os con una fiesta abierta a la comunidad, con show de Cumbiaravana, DJ, trasnoche y catering. Las entradas cuestan $100.000 para mayores y $50.000 para menores de 16 a\u00f1os, y lo recaudado colaborar\u00e1 con la construcci\u00f3n del polideportivo de 1.000 metros cuadrados que el club levanta sobre Larrea. La noche incluir\u00e1 tambi\u00e9n sorteos y entrega de reconocimientos.<\/p>\n<p><tadevel-ad sizes=\"336x280-300x300-300x250-300x200-300x100, 728x90-336x280-300x300-300x250-300x200-300x100 1024w\" slot-id=\"article-content-06\"><\/tadevel-ad><\/p>\n<p>M\u00e1s informaci\u00f3n: <a href=\"https:\/\/el-periodico.com.ar\/deportes\/el-tala-festeja-sus-80-anos-con-una-fiesta-en-el-superdomo_a6a7e4555b0384997ede43ed1\">El Tala festeja sus 80 a\u00f1os con una fiesta en el Superdomo<\/a><\/p>\n<h4><strong>Presentaci\u00f3n de libro en Gardenia<\/strong><\/h4>\n<p>El s\u00e1bado 29 de agosto a las 18, en Caf\u00e9 Gardenia, se presenta La magn\u00e9tica tensi\u00f3n entre el horror y la belleza, libro colectivo coordinado por Marianela Jim\u00e9nez y publicado por Tri\u00e1ngulo Editorial en la Colecci\u00f3n Degenerada. Presentan Marcos Ferradas y Luc\u00eda Citto. La obra re\u00fane textos de Nazarena Feld, Clara G. Baldi, Sophia Urbina Paliza, Marcos Ferradas y Erika Lipcen, con arte visual de Nazarena Feld y Clara G. Baldi. Un libro coral que explora c\u00f3mo narrar el horror sin embellecerlo y c\u00f3mo encontrar, en la escritura compartida, una forma posible de belleza.&nbsp;<\/p>\n<p><tadevel-ad sizes=\"336x280-300x300-300x250-300x200-300x100, 728x90-336x280-300x300-300x250-300x200-300x100 1024w\" slot-id=\"article-content-07\"><\/tadevel-ad><\/p>\n<h3>Domingo 30 de agosto<\/h3>\n<h4><strong>Festejo del D\u00eda de las Infancias en la Plaza C\u00edvica<\/strong><\/h4>\n<p>Festejo del D\u00eda de las Infancias desde las 14 en la Plaza C\u00edvica, organizado por la Municipalidad de San Francisco. Habr\u00e1 juegos, animaciones, sorteo de 20 bicicletas y el show de la animadora Pau Pau a las 16.30, adem\u00e1s de food trucks sobre el bulevar 25 de Mayo.<\/p>\n<p>M\u00e1s informaci\u00f3n: <a href=\"https:\/\/el-periodico.com.ar\/local\/san-francisco-se-prepara-para-celebrar-el-dia-de-las-infancias-en-la-plaza-civica_a6a90b3f1034008bec0a94d27\">San Francisco se prepara para celebrar el D\u00eda de las Infancias en la Plaza C\u00edvica<\/a><\/p>\n<p><tadevel-ad sizes=\"336x280-300x300-300x250-300x200-300x100, 728x90-336x280-300x300-300x250-300x200-300x100 1024w\" slot-id=\"article-content-08\"><\/tadevel-ad><\/p>\n<h4><strong>&#8220;Zona de demolici\u00f3n&#8221; en el Centro Cultural San Francisco<\/strong><\/h4>\n<p>La comedia dram\u00e1tica de la autora cordobesa Mariela Serra se presentar\u00e1 a las 20 en el Centro Cultural San Francisco, en el marco del ciclo Teatreando. La entrada cuesta $10.000 y las localidades se consiguen al 3564 476388.<\/p>\n<p>M\u00e1s informaci\u00f3n: <a href=\"https:\/\/el-periodico.com.ar\/local\/la-obra--zona-de-demolicion--llega-al-centro-cultural-san-francisco_a6a918b38b4a2b29aa762ef39\">La obra &#8220;Zona de demolici\u00f3n&#8221; llega al Centro Cultural San Francisco<\/a><\/p>\n<h4><strong>&#8220;0597, Da ocupado&#8221;, de La Comedia San Francisco<\/strong><\/h4>\n<p><tadevel-ad sizes=\"336x280-300x300-300x250-300x200-300x100, 728x90-336x280-300x300-300x250-300x200-300x100 1024w\" slot-id=\"article-content-09\"><\/tadevel-ad><\/p>\n<p>El domingo 30 de agosto, a las 21, en el Teatrillo, vuelve &#8220;0597, Da ocupado&#8221;, de <strong>Alberto Migr\u00e9<\/strong>, en su cuarto mes en cartel, con direcci\u00f3n de <strong>Adri\u00e1n Vocos<\/strong> y elenco de La Comedia San Francisco. La historia lleg\u00f3 a la televisi\u00f3n como &#8220;Una voz en el tel\u00e9fono&#8221;. Las entradas se consiguen en la boleter\u00eda del Teatrillo, de martes a viernes de 19 a 21, o en Platea Vip.<\/p>\n<p><tadevel-ad sizes=\"336x280-300x300-300x250-300x200-300x100, 728x90-336x280-300x300-300x250-300x200-300x100 1024w\" slot-id=\"article-content-10\"><\/tadevel-ad> <\/p>\n","protected":false},"excerpt":{"rendered":"\n<div class=\"media_block\"><img decoding=\"async\" src=\"http:\/\/ritmocordoba.com\/wp-content\/uploads\/2026\/08\/la-agenda-de-eventos-del-fin-de-semana-del-28-al-30-de-agosto.jpg\"><\/div>\n<p>Espect\u00e1culos, cultura y propuestas para el viernes 28, s\u00e1bado 29 y domingo 30 de agosto en San Francisco.  <\/p>\n","protected":false},"author":1,"featured_media":43182,"comment_status":"closed","ping_status":"closed","sticky":false,"template":"","format":"standard","meta":{"footnotes":""},"categories":[19],"tags":[],"_links":{"self":[{"href":"https:\/\/ritmocordoba.com\/index.php?rest_route=\/wp\/v2\/posts\/43181"}],"collection":[{"href":"https:\/\/ritmocordoba.com\/index.php?rest_route=\/wp\/v2\/posts"}],"about":[{"href":"https:\/\/ritmocordoba.com\/index.php?rest_route=\/wp\/v2\/types\/post"}],"author":[{"embeddable":true,"href":"https:\/\/ritmocordoba.com\/index.php?rest_route=\/wp\/v2\/users\/1"}],"replies":[{"embeddable":true,"href":"https:\/\/ritmocordoba.com\/index.php?rest_route=%2Fwp%2Fv2%2Fcomments&post=43181"}],"version-history":[{"count":0,"href":"https:\/\/ritmocordoba.com\/index.php?rest_route=\/wp\/v2\/posts\/43181\/revisions"}],"wp:featuredmedia":[{"embeddable":true,"href":"https:\/\/ritmocordoba.com\/index.php?rest_route=\/wp\/v2\/media\/43182"}],"wp:attachment":[{"href":"https:\/\/ritmocordoba.com\/index.php?rest_route=%2Fwp%2Fv2%2Fmedia&parent=43181"}],"wp:term":[{"taxonomy":"category","embeddable":true,"href":"https:\/\/ritmocordoba.com\/index.php?rest_route=%2Fwp%2Fv2%2Fcategories&post=43181"},{"taxonomy":"post_tag","embeddable":true,"href":"https:\/\/ritmocordoba.com\/index.php?rest_route=%2Fwp%2Fv2%2Ftags&post=43181"}],"curies":[{"name":"wp","href":"https:\/\/api.w.org\/{rel}","templated":true}]}}