{"id":40682,"date":"2026-05-02T23:35:16","date_gmt":"2026-05-02T23:35:16","guid":{"rendered":"http:\/\/3d532576d9aef3296ee7fea307dc9333"},"modified":"2026-05-02T23:35:16","modified_gmt":"2026-05-02T23:35:16","slug":"la-mediterranea-advierte-que-el-campo-ganaria-menos-plata-que-con-alberto","status":"publish","type":"post","link":"https:\/\/ritmocordoba.com\/?p=40682","title":{"rendered":"La Mediterr\u00e1nea advierte que el campo ganar\u00eda menos plata que con Alberto"},"content":{"rendered":"\n<div class=\"media_block\"><img decoding=\"async\" src=\"http:\/\/ritmocordoba.com\/wp-content\/uploads\/2026\/05\/la-mediterranea-advierte-que-el-campo-ganaria-menos-plata-que-con-alberto.jpg\"><\/div>\n<p>Por momentos, el Gobierno de Javier Milei se entusiasma con una narrativa que suena irresistible: la campa\u00f1a agr\u00edcola 2025\/26 cerrar\u00eda con una de las mejores cosechas de la historia, con m\u00e1s de 110 millones de toneladas entre soja y ma\u00edz.&nbsp;<\/p>\n<p>En la Casa Rosada repiten el n\u00famero como si fuera un salvoconducto hacia la reelecci\u00f3n presidencial. Pero debajo de ese volumen impactante asoma una pregunta inc\u00f3moda: \u00bfcu\u00e1nto de esa cosecha r\u00e9cord se traduce realmente en rentabilidad?<\/p>\n<p>El dato no surge de un paper opositor ni de una entidad rural en pie de guerra. Al contrario. Proviene de un informe de la Fundaci\u00f3n Mediterr\u00e1nea, con la firma de Juan Manuel Garz\u00f3n -exfuncionario del propio Milei- y Franco Artusso. Es decir, n\u00fameros inc\u00f3modos que nacen dentro del propio ecosistema t\u00e9cnico que suele orbitar el c\u00edrculo rojo cordob\u00e9s.<\/p>\n<p>Los datos -plasmados en el informe &#8220;Rentabilidad agr\u00edcola 2018-2026: m\u00e1rgenes ajustados, vol\u00famenes r\u00e9cord y una carga tributaria que no afloja&#8221;- dibujan un escenario de contrastes. El ma\u00edz podr\u00eda alcanzar un r\u00e9cord hist\u00f3rico de 67 millones de toneladas, mientras que la soja se mantendr\u00eda en torno a los 48 millones. A simple vista, el agro vuelve a ser la locomotora. Pero cuando se mira la rentabilidad por hect\u00e1rea, el cuadro cambia dr\u00e1sticamente.<\/p>\n<p><a href=\"https:\/\/www.lapoliticaonline.com\/tools\/redirect.php?t=3&amp;i=344853&amp;s=ef641f0cdedcc56bf961908bafdd7e14\" class=\"link-type-content content-type-nota-columna-ar\">Salvar el proyecto, soltar a Milei<\/a><\/p>\n<p>El problema no es la producci\u00f3n, sino el margen. En el primer trimestre de 2026, los n\u00fameros empezaron a deteriorarse. Los ingresos cayeron en t\u00e9rminos reales, empujados por la baja del precio del ma\u00edz, mientras que los costos -especialmente el gasoil y los fertilizantes- subieron entre 6% y 8%. El resultado: &#8220;m\u00e1rgenes en retroceso despu\u00e9s de una recuperaci\u00f3n parcial durante 2025&#8221;.&nbsp;<\/p>\n<p>El dato m\u00e1s sensible es que, incluso con buenos rindes, producir granos dej\u00f3 de ser negocio en algunas regiones. En la zona extrapampeana, los productores que alquilan campos directamente operan a p\u00e9rdida: -78 d\u00f3lares por hect\u00e1rea. En la zona n\u00facleo, el coraz\u00f3n productivo del pa\u00eds, los arrendatarios apenas raspan el equilibrio con m\u00e1rgenes de 26 d\u00f3lares. Solo los propietarios logran sostener n\u00fameros positivos, aunque lejos de los niveles de a\u00f1os anteriores.<\/p>\n<p class=\"authorquote\">Incluso con buenos rindes, producir granos dej\u00f3 de ser negocio en algunas regiones. En la zona extrapampeana, los productores que alquilan campos directamente operan a p\u00e9rdida: -78 d\u00f3lares por hect\u00e1rea. En la zona n\u00facleo, el coraz\u00f3n productivo del pa\u00eds, los arrendatarios apenas raspan el equilibrio con m\u00e1rgenes de 26 d\u00f3lares. Solo los propietarios logran sostener n\u00fameros positivos.<\/p>\n<p>Es un escenario que relativiza el optimismo oficial. Porque la &#8220;cosecha r\u00e9cord&#8221; convive con una ecuaci\u00f3n econ\u00f3mica cada vez m\u00e1s ajustada. Y en C\u00f3rdoba, la rentabilidad derrama en la din\u00e1mica pol\u00edtica, particularmente en el interior, bastiones de Milei en las \u00faltimas tres elecciones. El factor que termina de tensar el cuadro es la estructura impositiva.&nbsp;<\/p>\n<p>En los \u00faltimos doce meses, el Estado se qued\u00f3 con el 55% del excedente econ\u00f3mico en la zona n\u00facleo y con el 76% en la extrapampeana. En otras palabras, en las regiones menos productivas, tres de cada cuatro d\u00f3lares generados por el campo terminan en manos del fisco.<\/p>\n<figure class=\"vsmimage\" contenteditable=\"false\"><img loading=\"lazy\" decoding=\"async\" alt=\"La Mediterr\u00e1nea advierte que el campo ganar\u00eda menos plata que con Alberto\" data-vsmid=\"261851\" data-owidth=\"1181\" data-oheight=\"840\" src=\"data:image\/png;base64,iVBORw0KGgoAAAANSUhEUgAAAx4AAAIwAQMAAAAyJS+PAAAAA1BMVEUAAACnej3aAAAAAXRSTlMAQObYZgAAAE5JREFUeJztwTEBAAAAwqD1T20Hb6AAAAAAAAAAAAAAAAAAAAAAAAAAAAAAAAAAAAAAAAAAAAAAAAAAAAAAAAAAAAAAAAAAAAAAAACA1wDc8AABPwaxcAAAAABJRU5ErkJggg==\" vsmidos=\"1\" vsmsrc=\"\/files\/image\/261\/261851\/6888f5ffd8089_798_560!.jpg?s=4d248de808402df33211818d00377b6f&amp;d=1774963652\" width=\"798\" height=\"560\"><\/figure>\n<p>Y ah\u00ed aparece otro contraste que incomoda al relato libertario. Mientras el Gobierno despliega el &#8220;cotill\u00f3n&#8221; de la baja de algunos impuestos nacionales -con anuncios segmentados y reducci\u00f3n de al\u00edcuotas en tributos puntuales-, el coraz\u00f3n de la presi\u00f3n fiscal sobre el agro sigue pr\u00e1cticamente intacto.&nbsp;<\/p>\n<p>Las retenciones, el impuesto m\u00e1s distorsivo seg\u00fan el propio Milei en campa\u00f1a, contin\u00faan explicando la mayor parte de la carga tributaria efectiva.<\/p>\n<p>El informe de la Mediterr\u00e1nea tambi\u00e9n explica que el peso de los Derechos de Exportaci\u00f3n es clave para entender la distorsi\u00f3n. A diferencia de otros impuestos, no se ajustan a la rentabilidad: se aplican sobre el ingreso bruto. Eso genera una paradoja que incomoda incluso a economistas cercanos al oficialismo: cuando los m\u00e1rgenes caen, la presi\u00f3n fiscal efectiva sube.<\/p>\n<p>Es el tipo de inconsistencia que el propio Milei hab\u00eda prometido eliminar durante la campa\u00f1a, cuando hablaba de &#8220;dinamitar&#8221; el sistema impositivo y terminar con tributos que castigan la producci\u00f3n. Por ahora, esa promesa convive con una realidad m\u00e1s pragm\u00e1tica: la necesidad de sostener la recaudaci\u00f3n.<\/p>\n<p class=\"authorquote\" title=\"Informe Mediterr\u00e1nea\">En 2021 y 2022, los derechos de exportaci\u00f3n sobre la soja eran del 33%, m\u00e1s altos que los actualmente vigentes (24%). Sin embargo, los precios internacionales de los granos eran excepcionalmente elevados (efecto postpandemia y guerra en Ucrania), lo que generaba mayores excedentes econ\u00f3micos.<\/p>\n<p>El contraste con el per\u00edodo 2021-2022 es elocuente. En esos a\u00f1os, con precios internacionales en niveles excepcionales, los m\u00e1rgenes eran mucho m\u00e1s altos y la carga tributaria relativa, m\u00e1s baja, incluso con retenciones m\u00e1s elevadas. Hoy ocurre lo contrario: menores precios, mayores costos y una presi\u00f3n fiscal que pesa m\u00e1s.<\/p>\n<p>El informe lo precisa as\u00ed: &#8220;En 2021 y 2022, los derechos de exportaci\u00f3n sobre la soja eran del 33%, m\u00e1s altos que los actualmente vigentes (24%). Sin embargo, los precios internacionales de los granos eran excepcionalmente elevados (efecto postpandemia y guerra en Ucrania), lo que generaba mayores excedentes econ\u00f3micos&#8221;. No son a\u00f1os cualquiera, sino los de Alberto Fern\u00e1ndez en la Casa Rosada.&nbsp;<\/p>\n<p>A eso se suma otro elemento que empieza a preocupar en el sector: el financiamiento. Si parte de los insumos se paga con cr\u00e9dito -un escenario cada vez m\u00e1s frecuente-, los m\u00e1rgenes se deterioran a\u00fan m\u00e1s. En ese caso, incluso los arrendatarios de la zona n\u00facleo entrar\u00edan en terreno negativo.<\/p>\n<p>La conclusi\u00f3n es menos \u00e9pica que el relato oficial. La campa\u00f1a 2025\/26 puede ser r\u00e9cord en volumen, pero no necesariamente en rentabilidad. Y eso tiene implicancias pol\u00edticas y econ\u00f3micas.<\/p>\n<p>Para el Gobierno, el agro sigue siendo una fuente clave de d\u00f3lares en un contexto de fragilidad externa. Pero si los m\u00e1rgenes siguen comprimidos, la capacidad de reinversi\u00f3n del sector se reduce, y con ella, el potencial de crecimiento futuro.<\/p>\n<p>En el fondo, el modelo enfrenta una tensi\u00f3n cl\u00e1sica de la econom\u00eda argentina: la necesidad fiscal versus la competitividad productiva. Por ahora, la balanza sigue inclin\u00e1ndose hacia el primer lado.La pregunta que empieza a circular en el mercado es si el &#8220;veranito&#8221; de la cosecha r\u00e9cord alcanzar\u00e1 para tapar ese desequilibrio. O si, por el contrario, terminar\u00e1 exponi\u00e9ndolo con m\u00e1s crudeza.<\/p>\n","protected":false},"excerpt":{"rendered":"\n<div class=\"media_block\"><img decoding=\"async\" src=\"http:\/\/ritmocordoba.com\/wp-content\/uploads\/2026\/05\/la-mediterranea-advierte-que-el-campo-ganaria-menos-plata-que-con-alberto.jpg\"><\/div>\n<p>Pese a la cosecha r\u00e9cord, la rentabilidad no es buena: impuestos, precios bajos y aumento de combustibles y fertilizantes.  <\/p>\n","protected":false},"author":1,"featured_media":40683,"comment_status":"closed","ping_status":"closed","sticky":false,"template":"","format":"standard","meta":{"footnotes":""},"categories":[26],"tags":[],"_links":{"self":[{"href":"https:\/\/ritmocordoba.com\/index.php?rest_route=\/wp\/v2\/posts\/40682"}],"collection":[{"href":"https:\/\/ritmocordoba.com\/index.php?rest_route=\/wp\/v2\/posts"}],"about":[{"href":"https:\/\/ritmocordoba.com\/index.php?rest_route=\/wp\/v2\/types\/post"}],"author":[{"embeddable":true,"href":"https:\/\/ritmocordoba.com\/index.php?rest_route=\/wp\/v2\/users\/1"}],"replies":[{"embeddable":true,"href":"https:\/\/ritmocordoba.com\/index.php?rest_route=%2Fwp%2Fv2%2Fcomments&post=40682"}],"version-history":[{"count":0,"href":"https:\/\/ritmocordoba.com\/index.php?rest_route=\/wp\/v2\/posts\/40682\/revisions"}],"wp:featuredmedia":[{"embeddable":true,"href":"https:\/\/ritmocordoba.com\/index.php?rest_route=\/wp\/v2\/media\/40683"}],"wp:attachment":[{"href":"https:\/\/ritmocordoba.com\/index.php?rest_route=%2Fwp%2Fv2%2Fmedia&parent=40682"}],"wp:term":[{"taxonomy":"category","embeddable":true,"href":"https:\/\/ritmocordoba.com\/index.php?rest_route=%2Fwp%2Fv2%2Fcategories&post=40682"},{"taxonomy":"post_tag","embeddable":true,"href":"https:\/\/ritmocordoba.com\/index.php?rest_route=%2Fwp%2Fv2%2Ftags&post=40682"}],"curies":[{"name":"wp","href":"https:\/\/api.w.org\/{rel}","templated":true}]}}