{"id":40680,"date":"2026-05-02T18:58:36","date_gmt":"2026-05-02T18:58:36","guid":{"rendered":"http:\/\/69f64898dc25b9670a6eb362"},"modified":"2026-05-02T18:58:36","modified_gmt":"2026-05-02T18:58:36","slug":"la-bajista-y-compositora-clara-cantore-presenta-su-disco-en-san-francisco","status":"publish","type":"post","link":"https:\/\/ritmocordoba.com\/?p=40680","title":{"rendered":"La bajista y compositora Clara Cantore presenta su disco en San Francisco"},"content":{"rendered":"\n<div class=\"media_block\"><img decoding=\"async\" src=\"http:\/\/ritmocordoba.com\/wp-content\/uploads\/2026\/05\/la-bajista-y-compositora-clara-cantore-presenta-su-disco-en-san-francisco.jpg\"><\/div>\n<div><img decoding=\"async\" src=\"https:\/\/periodico-app.tadevel-cdn.com\/hostname\/el-periodico.com.ar\/api\/v1\/image\/article\/69f64898dc25b9670a6eb362\/facebook?v=dab2be2865d67c9e4e9b344aac7673fb&amp;s=ad23018fd59b1025c8a21530b26ab72f\" class=\"ff-og-image-inserted\"><\/div>\n<p><tadevel-ad sizes=\"336x280-300x300-300x250-300x200-300x100, 728x90-336x280-300x300-300x250-300x200-300x100 1024w\" slot-id=\"article-content-01\"><\/tadevel-ad><\/p>\n<p><strong>Clara Cantore<\/strong> llega a San Francisco para presentar &#8220;Regreso&#8221;, su \u00faltimo disco, grabado en Santiago de Compostela. El concierto se realizar\u00e1 el viernes 8 de mayo a las 21 horas en Somos Viento (Av. Juan de Garay 3297). Abrir\u00e1n la noche Denis Pineda y Mar\u00eda Depetris.<\/p>\n<p>Nacida en C\u00f3rdoba, Cantore comenz\u00f3 a tocar la guitarra a los 3 a\u00f1os y se form\u00f3 luego en conservatorios, estudiando viol\u00edn, saxof\u00f3n y composici\u00f3n en la Universidad Nacional de C\u00f3rdoba y en Mannheim, Alemania.&nbsp;<\/p>\n<p><tadevel-ad sizes=\"336x280-300x300-300x250-300x200-300x100, 728x90-336x280-300x300-300x250-300x200-300x100 1024w\" slot-id=\"article-content-02\"><\/tadevel-ad><\/p>\n<p>En 2016 incorpor\u00f3 el bajo como instrumento central de sus conciertos, desarrollando un estilo propio con bajo de cinco cuerdas. Con seis discos editados \u2014entre ellos Mentiras Criollas (2011), Entre algarroba y durazno (2020) y La m\u00fasica del vac\u00edo (2022)\u2014, recorre el mundo proponiendo una nueva forma de concebir la m\u00fasica de ra\u00edz folkl\u00f3rica, con el bajo como instrumento solista. Ha participado en festivales en Jap\u00f3n, Berl\u00edn, Barcelona, M\u00e9xico y Estados Unidos.<\/p>\n<p><tadevel-ad sizes=\"336x280-300x300-300x250-300x200-300x100, 728x90-336x280-300x300-300x250-300x200-300x100 1024w\" slot-id=\"article-content-03\"><\/tadevel-ad><\/p>\n<p>Cantore es adem\u00e1s presidenta de la Fundaci\u00f3n por la Ciencia de Argentina, desde donde impuls\u00f3 el ciclo M\u00fasica por la Ciencia, emitido por la TV P\u00fablica hasta 2023, y desarrolla proyectos internacionales como Armonautas, en colaboraci\u00f3n con redes de cient\u00edficos argentinos en el mundo.<\/p>\n<p>Las entradas anticipadas tienen un valor de $20.000 y en puerta $25.000.<\/p>\n<p><tadevel-ad sizes=\"336x280-300x300-300x250-300x200-300x100, 728x90-336x280-300x300-300x250-300x200-300x100 1024w\" slot-id=\"article-content-04\"><\/tadevel-ad> <\/p>\n","protected":false},"excerpt":{"rendered":"\n<div class=\"media_block\"><img decoding=\"async\" src=\"http:\/\/ritmocordoba.com\/wp-content\/uploads\/2026\/05\/la-bajista-y-compositora-clara-cantore-presenta-su-disco-en-san-francisco.jpg\"><\/div>\n<p>El concierto ser\u00e1 el viernes 8 de mayo a las 21 horas en Somos Viento. El disco fue grabado en Santiago de Compostela y fusiona folclore gallego y argentino.  <\/p>\n","protected":false},"author":1,"featured_media":40681,"comment_status":"closed","ping_status":"closed","sticky":false,"template":"","format":"standard","meta":{"footnotes":""},"categories":[19],"tags":[],"_links":{"self":[{"href":"https:\/\/ritmocordoba.com\/index.php?rest_route=\/wp\/v2\/posts\/40680"}],"collection":[{"href":"https:\/\/ritmocordoba.com\/index.php?rest_route=\/wp\/v2\/posts"}],"about":[{"href":"https:\/\/ritmocordoba.com\/index.php?rest_route=\/wp\/v2\/types\/post"}],"author":[{"embeddable":true,"href":"https:\/\/ritmocordoba.com\/index.php?rest_route=\/wp\/v2\/users\/1"}],"replies":[{"embeddable":true,"href":"https:\/\/ritmocordoba.com\/index.php?rest_route=%2Fwp%2Fv2%2Fcomments&post=40680"}],"version-history":[{"count":0,"href":"https:\/\/ritmocordoba.com\/index.php?rest_route=\/wp\/v2\/posts\/40680\/revisions"}],"wp:featuredmedia":[{"embeddable":true,"href":"https:\/\/ritmocordoba.com\/index.php?rest_route=\/wp\/v2\/media\/40681"}],"wp:attachment":[{"href":"https:\/\/ritmocordoba.com\/index.php?rest_route=%2Fwp%2Fv2%2Fmedia&parent=40680"}],"wp:term":[{"taxonomy":"category","embeddable":true,"href":"https:\/\/ritmocordoba.com\/index.php?rest_route=%2Fwp%2Fv2%2Fcategories&post=40680"},{"taxonomy":"post_tag","embeddable":true,"href":"https:\/\/ritmocordoba.com\/index.php?rest_route=%2Fwp%2Fv2%2Ftags&post=40680"}],"curies":[{"name":"wp","href":"https:\/\/api.w.org\/{rel}","templated":true}]}}