{"id":40679,"date":"2026-05-03T04:23:10","date_gmt":"2026-05-03T04:23:10","guid":{"rendered":"https:\/\/cultura.cordoba.gob.ar\/?p=24610"},"modified":"2026-05-03T04:23:10","modified_gmt":"2026-05-03T04:23:10","slug":"fin-de-semana-largo-en-cordoba-moda-musica-libros-y-circo-en-la-agenda-cultural","status":"publish","type":"post","link":"https:\/\/ritmocordoba.com\/?p=40679","title":{"rendered":"Fin de semana largo en C\u00f3rdoba: moda, m\u00fasica, libros y circo en la agenda cultural"},"content":{"rendered":"\n<p><b>El fin de semana llega con una agenda cultural diversa en C\u00f3rdoba: un desfile de alta costura en el MMAU, el concierto de Teresa Parodi en el Teatro Comedia, la feria de libros circulantes en Casa de Pepino, espect\u00e1culos de circo al aire libre y funciones especiales en el Cineclub Municipal.&nbsp;<\/b><\/p>\n<p><span>La Secretar\u00eda de Fortalecimiento Vecinal, Cultura y Deportes invita a disfrutar una agenda cultural que combina propuestas en espacios cerrados y al aire libre, con opciones que van desde la moda y la m\u00fasica hasta la literatura, el cine y las artes esc\u00e9nicas.<\/span><\/p>\n<p><span>El s\u00e1bado 2 la programaci\u00f3n comienza por la ma\u00f1ana en el Museo de la Industria (Libertad 1130) con el \u201cRastrojerazo\u201d, un encuentro organizado por el Club de Rastrojeros de C\u00f3rdoba. La actividad se desarrollar\u00e1 entre las 10:00 y las 12:30, con la concentraci\u00f3n y el montaje de una muestra de veh\u00edculos en el play\u00f3n del museo, en el marco del 74\u00b0 aniversario del Rastrojero. El cierre ser\u00e1 a las 12:15 con la partida de una caravana.&nbsp;<\/span><\/p>\n<p><span>Por la noche, a las 20:00, el Museo Metropolitano de Arte Urbano (Plaza Espa\u00f1a) ser\u00e1 escenario de <\/span><b>\u201cMuse Couture. C\u00f3rdoba viste alta costura\u201d<\/b><span>, un desfile que reunir\u00e1 a dise\u00f1adores locales como Gustavo Guerrero, Carlos Torres y Anto Peireti. La propuesta invita a recorrer colecciones vanguardistas que combinan creatividad y elegancia, con entrada libre y gratuita.<\/span><\/p>\n<p><span>A las 21:00, el Teatro Comedia (Rivera Indarte 254) recibir\u00e1 a <\/span><b>Teresa Parodi<\/b><span>, quien presentar\u00e1 su nuevo disco <\/span><i><span>Hasta que amanezca<\/span><\/i><span> en el marco de una gira nacional. El espect\u00e1culo, con entradas disponibles en boleter\u00eda del teatro y a trav\u00e9s del siguiente <\/span><a href=\"https:\/\/www.ticketek.com.ar\/teresa-parodi\/teatro-comedia\"><span>enlace<\/span><\/a><span>, forma parte de una serie de conciertos especiales que anticipan el lanzamiento oficial del trabajo discogr\u00e1fico.<\/span><\/p>\n<p><span>El domingo 3 de mayo la agenda contin\u00faa por la tarde con la Feria de Libros Circulantes <\/span><b>\u201cDe lector a lector\u201d,<\/b><span> que se desarrollar\u00e1 de 16:30 a 20:00 en Casa de Pepino (Fructuoso Rivera 287), con entrada libre y gratuita. Organizada por Babilonia Literaria, la iniciativa propone la venta de libros usados a precios accesibles, con una amplia variedad de g\u00e9neros y t\u00edtulos. Desde las 17:00, adem\u00e1s, se realizar\u00e1 un \u201ckaraoke literario\u201d para compartir lecturas en comunidad.<\/span><\/p>\n<p><span>Tambi\u00e9n a las 17:00, el Parque Las Heras-Elisa ser\u00e1 escenario de una nueva edici\u00f3n del <\/span><b>Ciclo Circo<\/b><span>, a cargo de Circo Errante y Mandua C\u00eda. La funci\u00f3n tendr\u00e1 lugar en La Glorieta del parque y propone acercar las artes esc\u00e9nicas al espacio p\u00fablico a trav\u00e9s de un espect\u00e1culo que combina humor, acrobacias y participaci\u00f3n del p\u00fablico. La actividad es con entrada libre y salida a la gorra.<\/span><\/p>\n<p><span>Durante ambos d\u00edas, el Cineclub Municipal (Bv. San Juan 49) ofrecer\u00e1 funciones de dos estrenos recientes, con dos proyecciones por jornada. Por un lado, <\/span><i><span>La Grazia<\/span><\/i><span> (Italia, 2025), dirigida por Paolo Sorrentino, podr\u00e1 verse a las 18:00 y a las 22:45. La pel\u00edcula sigue a un presidente italiano enfrentado a un dilema moral en torno a una ley de eutanasia. Por otro lado, <\/span><i><span>En la corriente<\/span><\/i><span> (Corea del Sur, 2024), de Hong Sang-soo, tendr\u00e1 funciones a las 15:30 y a las 20:30, con una historia que explora v\u00ednculos, procesos creativos y observaci\u00f3n de lo cotidiano en el \u00e1mbito universitario. Para ver la programaci\u00f3n y adquirir entradas ingresar al siguiente <\/span><a href=\"https:\/\/cineclubmunicipal.org.ar\/\"><span>enlace<\/span><\/a><span>.&nbsp;<\/span><\/p>\n<p><span>De este modo, la ciudad ofrece un fin de semana con m\u00faltiples alternativas culturales que invitan a recorrer distintos espacios y lenguajes art\u00edsticos, con propuestas accesibles y pensadas para p\u00fablicos diversos.<\/span><\/p>\n","protected":false},"excerpt":{"rendered":"<p> El fin de semana llega con una agenda cultural diversa en C\u00f3rdoba: un desfile de alta costura en el MMAU, el concierto de Teresa Parodi en el Teatro Comedia, la [&#8230;]  <\/p>\n","protected":false},"author":1,"featured_media":0,"comment_status":"closed","ping_status":"closed","sticky":false,"template":"","format":"standard","meta":{"footnotes":""},"categories":[20,19],"tags":[51,201,28,104],"_links":{"self":[{"href":"https:\/\/ritmocordoba.com\/index.php?rest_route=\/wp\/v2\/posts\/40679"}],"collection":[{"href":"https:\/\/ritmocordoba.com\/index.php?rest_route=\/wp\/v2\/posts"}],"about":[{"href":"https:\/\/ritmocordoba.com\/index.php?rest_route=\/wp\/v2\/types\/post"}],"author":[{"embeddable":true,"href":"https:\/\/ritmocordoba.com\/index.php?rest_route=\/wp\/v2\/users\/1"}],"replies":[{"embeddable":true,"href":"https:\/\/ritmocordoba.com\/index.php?rest_route=%2Fwp%2Fv2%2Fcomments&post=40679"}],"version-history":[{"count":0,"href":"https:\/\/ritmocordoba.com\/index.php?rest_route=\/wp\/v2\/posts\/40679\/revisions"}],"wp:attachment":[{"href":"https:\/\/ritmocordoba.com\/index.php?rest_route=%2Fwp%2Fv2%2Fmedia&parent=40679"}],"wp:term":[{"taxonomy":"category","embeddable":true,"href":"https:\/\/ritmocordoba.com\/index.php?rest_route=%2Fwp%2Fv2%2Fcategories&post=40679"},{"taxonomy":"post_tag","embeddable":true,"href":"https:\/\/ritmocordoba.com\/index.php?rest_route=%2Fwp%2Fv2%2Ftags&post=40679"}],"curies":[{"name":"wp","href":"https:\/\/api.w.org\/{rel}","templated":true}]}}