{"id":40665,"date":"2026-05-02T02:43:46","date_gmt":"2026-05-02T02:43:46","guid":{"rendered":"https:\/\/www.radioestacion.com.ar\/?p=404238"},"modified":"2026-05-02T02:43:46","modified_gmt":"2026-05-02T02:43:46","slug":"una-menor-resulto-con-lesiones-leves-tras-un-accidente","status":"publish","type":"post","link":"https:\/\/ritmocordoba.com\/?p=40665","title":{"rendered":"Una menor result\u00f3 con lesiones leves tras un accidente"},"content":{"rendered":"\n<div><img decoding=\"async\" src=\"http:\/\/ritmocordoba.com\/wp-content\/uploads\/2026\/05\/una-menor-resulto-con-lesiones-leves-tras-un-accidente.jpg\" class=\"ff-og-image-inserted\"><\/div>\n<h3 data-start=\"69\" data-end=\"200\">En la ma\u00f1ana del <strong data-start=\"86\" data-end=\"107\">viernes 1 de mayo<\/strong>, se registr\u00f3 un <strong data-start=\"124\" data-end=\"149\">accidente de tr\u00e1nsito<\/strong> en la ciudad de Frontera.<\/h3>\n<section class=\"text-token-text-primary w-full focus:outline-none [--shadow-height:45px] has-data-writing-block:pointer-events-none has-data-writing-block:-mt-(--shadow-height) has-data-writing-block:pt-(--shadow-height) [&amp;:has([data-writing-block])>*]:pointer-events-auto [content-visibility:auto] supports-[content-visibility:auto]:[contain-intrinsic-size:auto_100lvh] R6Vx5W_threadScrollVars scroll-mb-[calc(var(&#8211;scroll-root-safe-area-inset-bottom,0px)+var(&#8211;thread-response-height))] scroll-mt-[calc(var(&#8211;header-height)+min(200px,max(70px,20svh)))]&#8221; dir=&#8221;auto&#8221; data-turn-id=&#8221;request-69f38dc5-e36c-83e9-858f-5015b2f52980-1&#8243; data-testid=&#8221;conversation-turn-58&#8243; data-scroll-anchor=&#8221;false&#8221; data-turn=&#8221;assistant&#8221;><\/p>\n<div class=\"text-base my-auto mx-auto pb-10 [--thread-content-margin:var(--thread-content-margin-xs,calc(var(--spacing)*4))] @w-sm\/main:[--thread-content-margin:var(--thread-content-margin-sm,calc(var(--spacing)*6))] @w-lg\/main:[--thread-content-margin:var(--thread-content-margin-lg,calc(var(--spacing)*16))] px-(--thread-content-margin)\">\n<div class=\"[--thread-content-max-width:40rem] @w-lg\/main:[--thread-content-max-width:48rem] mx-auto max-w-(--thread-content-max-width) flex-1 group\/turn-messages focus-visible:outline-hidden relative flex w-full min-w-0 flex-col agent-turn\">\n<div class=\"flex max-w-full flex-col gap-4 grow\">\n<div class=\"min-h-8 text-message relative flex w-full flex-col items-end gap-2 text-start break-words whitespace-normal outline-none keyboard-focused:focus-ring [.text-message+&amp;]:mt-1\" dir=\"auto\" data-message-author-role=\"assistant\" data-message-id=\"22f2c7ad-a6ba-4ab5-a684-194057dc63f0\" data-message-model-slug=\"gpt-5-3\" data-turn-start-message=\"true\">\n<div class=\"flex w-full flex-col gap-1 empty:hidden\">\n<div class=\"markdown prose dark:prose-invert w-full wrap-break-word dark markdown-new-styling\">\n<p data-start=\"202\" data-end=\"395\">Seg\u00fan se inform\u00f3, una <strong data-start=\"224\" data-end=\"271\">menor de 13 a\u00f1os que circulaba en bicicleta<\/strong> colision\u00f3 con un <strong data-start=\"289\" data-end=\"342\">m\u00f3vil policial estacionado con balizas encendidas<\/strong>, mientras el personal realizaba tareas operativas.<\/p>\n<p data-start=\"397\" data-end=\"515\" data-is-last-node data-is-only-node>Como consecuencia del impacto, la joven fue asistida por el <strong data-start=\"457\" data-end=\"484\">servicio de emergencias<\/strong> y present\u00f3 <strong data-start=\"496\" data-end=\"514\">lesiones leves<\/strong>.<\/p>\n<\/div>\n<\/div>\n<\/div>\n<\/div><\/div>\n<\/div>\n<\/section>\n","protected":false},"excerpt":{"rendered":"<p> En la ma\u00f1ana del viernes 1 de mayo, se registr\u00f3 un accidente de tr\u00e1nsito en la ciudad de Frontera. Seg\u00fan se inform\u00f3, una menor de 13 a\u00f1os que circulaba en bicicleta colision\u00f3 con un m\u00f3vil policial estacionado con balizas encendidas, mientras el personal realizaba tareas operativas. Como consecuencia del impacto, la joven fue asistida por [&#8230;]<\/p>\n<p><a href=\"https:\/\/www.radioestacion.com.ar\/una-menor-resulto-con-lesiones-leves-tras-un-accidente\/\">Fuente<\/a><\/p>\n","protected":false},"author":1,"featured_media":40666,"comment_status":"closed","ping_status":"closed","sticky":false,"template":"","format":"standard","meta":{"footnotes":""},"categories":[20],"tags":[],"_links":{"self":[{"href":"https:\/\/ritmocordoba.com\/index.php?rest_route=\/wp\/v2\/posts\/40665"}],"collection":[{"href":"https:\/\/ritmocordoba.com\/index.php?rest_route=\/wp\/v2\/posts"}],"about":[{"href":"https:\/\/ritmocordoba.com\/index.php?rest_route=\/wp\/v2\/types\/post"}],"author":[{"embeddable":true,"href":"https:\/\/ritmocordoba.com\/index.php?rest_route=\/wp\/v2\/users\/1"}],"replies":[{"embeddable":true,"href":"https:\/\/ritmocordoba.com\/index.php?rest_route=%2Fwp%2Fv2%2Fcomments&post=40665"}],"version-history":[{"count":0,"href":"https:\/\/ritmocordoba.com\/index.php?rest_route=\/wp\/v2\/posts\/40665\/revisions"}],"wp:featuredmedia":[{"embeddable":true,"href":"https:\/\/ritmocordoba.com\/index.php?rest_route=\/wp\/v2\/media\/40666"}],"wp:attachment":[{"href":"https:\/\/ritmocordoba.com\/index.php?rest_route=%2Fwp%2Fv2%2Fmedia&parent=40665"}],"wp:term":[{"taxonomy":"category","embeddable":true,"href":"https:\/\/ritmocordoba.com\/index.php?rest_route=%2Fwp%2Fv2%2Fcategories&post=40665"},{"taxonomy":"post_tag","embeddable":true,"href":"https:\/\/ritmocordoba.com\/index.php?rest_route=%2Fwp%2Fv2%2Ftags&post=40665"}],"curies":[{"name":"wp","href":"https:\/\/api.w.org\/{rel}","templated":true}]}}