{"id":40663,"date":"2026-05-01T18:17:00","date_gmt":"2026-05-01T18:17:00","guid":{"rendered":"https:\/\/puntal-editorialfundamento.cms.api.thinkindot.com\/c256783"},"modified":"2026-05-01T18:17:00","modified_gmt":"2026-05-01T18:17:00","slug":"juez-y-bornoroni-otra-foto-juntos-de-cara-a-las-elecciones-a-gobernador","status":"publish","type":"post","link":"https:\/\/ritmocordoba.com\/?p=40663","title":{"rendered":"Juez y Bornoroni, otra foto juntos de cara a las elecciones a gobernador"},"content":{"rendered":"\n<div><img decoding=\"async\" src=\"http:\/\/ritmocordoba.com\/wp-content\/uploads\/2026\/05\/juez-y-bornoroni-otra-foto-juntos-de-cara-a-las-elecciones-a-gobernador.jpg\" class=\"ff-og-image-inserted\"><\/div>\n<div class=\"cuerpo\" data-twitter-link readability=\"24.06129210381\">\n<p id=\"p-1777659215425-27881\"> La diputada Laura Rodr\u00edguez Machado fue la que subi\u00f3 la foto a sus redes con el mensaje: &#8220;Estamos listos para cambiar C\u00f3rdoba&#8221;.<\/p>\n<div contenteditable=\"false\" class=\"embed_cont type_freetext\" rel=\"freetext\" id=\"embed3135_wrap\" data-provider=\"Twitter\" readability=\"26.119691119691\">\n<p>Embed &#8211; https:\/\/publish.x.com\/oembed?url=https:\/\/x.com\/laurmachado\/status\/2050261371304997039&amp;partner=&amp;hide_thread=false<span onclick=\"parent.parent.TinyMCETdcuerpo.preview_embed('embed3135')\" class=\"embed_colapse less\" id=\"embed3135_colapse\"><\/span><span onclick=\"parent.parent.TinyMCETdcuerpo.delete_embed('embed3135')\" class=\"embed_delete less\" id=\"embed3135_delete\"><\/span><\/p>\n<\/p><\/div>\n<p id=\"p-1777659179060-52036\">Vale recordar que desde el sector de Rodrigo De Loredo lanzaron como propuesta hacer una &#8220;gran interna&#8221; para dirimir liderazgos en la oposici\u00f3n al peronismo cordob\u00e9s.<\/p>\n<p id=\"p-1777659424790-90231\">&#8220;Un acuerdo entre los que coincidimos en que el tiempo del peronismo en C\u00f3rdoba est\u00e1 acabado garantiza la victoria de la oposici\u00f3n en 2027. Para eso propongo que los presidentes de los partidos UCR, LLA, FC, PRO y Encuentro Vecinal Cba &#8211; que tenemos un n\u00facleo de ideas en com\u00fan- dise\u00f1emos un sistema de elecci\u00f3n de candidatos a gobernador y a intendentes de cada una de las ciudades de la provincia&#8221;, hab\u00eda manifestado Marcos Ferrer, intendente de R\u00edo Tercero y titular de la UCR de C\u00f3rdoba.<\/p>\n<div contenteditable=\"false\" class=\"embed_cont type_freetext\" rel=\"freetext\" id=\"embed6177_wrap\" data-provider=\"Twitter\" readability=\"34.345794392523\">\n<p>Embed &#8211; https:\/\/publish.x.com\/oembed?url=https:\/\/x.com\/ferrermarcos\/status\/2044904649845514346?ref_src=twsrc%5Etfw%7Ctwcamp%5Etweetembed%7Ctwterm%5E2044904649845514346%7Ctwgr%5E55d4d059e6ae5e17ccda6f8e13760cee200260e5%7Ctwcon%5Es1_&amp;ref_url=https%3A%2F%2Fwww.letrap.com.ar%2Fpolitica%2Fmarcos-ferrer-propuso-internas-la-oposicion-cordoba-juez-rechazo-chicana-y-bornoroni-se-muteo-n5423238&amp;partner=&amp;hide_thread=false<span onclick=\"parent.parent.TinyMCETdcuerpo.preview_embed('embed6177')\" class=\"embed_colapse less\" id=\"embed6177_colapse\"><\/span><span onclick=\"parent.parent.TinyMCETdcuerpo.delete_embed('embed6177')\" class=\"embed_delete less\" id=\"embed6177_delete\"><\/span><\/p>\n<div id=\"embed6177_content\" class=\"embed_content\">\n<div id=\"embed6177_embed\" readability=\"8.1437125748503\">\n<blockquote class=\"twitter-tweet\" readability=\"9.5808383233533\">\n<p id=\"p-1777659402762-12317\" dir=\"ltr\" lang=\"es\"> Un acuerdo entre los que coincidimos en que el tiempo del peronismo en C\u00f3rdoba est\u00e1 acabado garantiza la victoria de la oposici\u00f3n en 2027. Para eso propongo que los presidentes de los partidos UCR, LLA, FC, PRO y Encuentro Vecinal Cba &#8211; que tenemos un n\u00facleo de ideas en com\u00fan-\u2026<\/p>\n<p> \u2014 Marcos Ferrer (@ferrermarcos) <a href=\"https:\/\/twitter.com\/ferrermarcos\/status\/2044904649845514346?ref_src=twsrc%5Etfw\">April 16, 2026<\/a><\/p><\/blockquote><\/div>\n<\/p><\/div>\n<\/p><\/div>\n<\/p><\/div>\n","protected":false},"excerpt":{"rendered":"\n<p id=\"p-1777659215425-27881\" class=\"ignore-parser\">La diputada Laura Rodr\u00edguez Machado fue la que subi\u00f3 la imagen a sus redes con el mensaje: &#8220;Estamos listos para cambiar C\u00f3rdoba&#8221;<\/p>\n<p id=\"p-1777659042316-51177\" class=\"ignore-parser\">\n","protected":false},"author":1,"featured_media":40664,"comment_status":"closed","ping_status":"closed","sticky":false,"template":"","format":"standard","meta":{"footnotes":""},"categories":[26],"tags":[],"_links":{"self":[{"href":"https:\/\/ritmocordoba.com\/index.php?rest_route=\/wp\/v2\/posts\/40663"}],"collection":[{"href":"https:\/\/ritmocordoba.com\/index.php?rest_route=\/wp\/v2\/posts"}],"about":[{"href":"https:\/\/ritmocordoba.com\/index.php?rest_route=\/wp\/v2\/types\/post"}],"author":[{"embeddable":true,"href":"https:\/\/ritmocordoba.com\/index.php?rest_route=\/wp\/v2\/users\/1"}],"replies":[{"embeddable":true,"href":"https:\/\/ritmocordoba.com\/index.php?rest_route=%2Fwp%2Fv2%2Fcomments&post=40663"}],"version-history":[{"count":0,"href":"https:\/\/ritmocordoba.com\/index.php?rest_route=\/wp\/v2\/posts\/40663\/revisions"}],"wp:featuredmedia":[{"embeddable":true,"href":"https:\/\/ritmocordoba.com\/index.php?rest_route=\/wp\/v2\/media\/40664"}],"wp:attachment":[{"href":"https:\/\/ritmocordoba.com\/index.php?rest_route=%2Fwp%2Fv2%2Fmedia&parent=40663"}],"wp:term":[{"taxonomy":"category","embeddable":true,"href":"https:\/\/ritmocordoba.com\/index.php?rest_route=%2Fwp%2Fv2%2Fcategories&post=40663"},{"taxonomy":"post_tag","embeddable":true,"href":"https:\/\/ritmocordoba.com\/index.php?rest_route=%2Fwp%2Fv2%2Ftags&post=40663"}],"curies":[{"name":"wp","href":"https:\/\/api.w.org\/{rel}","templated":true}]}}