{"id":40658,"date":"2026-05-02T04:22:57","date_gmt":"2026-05-02T04:22:57","guid":{"rendered":"https:\/\/cultura.cordoba.gob.ar\/?p=24620"},"modified":"2026-05-02T04:22:57","modified_gmt":"2026-05-02T04:22:57","slug":"vuelve-nuestro-arte-es-trabajo-el-festival-que-reune-la-produccion-artistica-universitaria","status":"publish","type":"post","link":"https:\/\/ritmocordoba.com\/?p=40658","title":{"rendered":"Vuelve \u201cNuestro Arte es Trabajo\u201d, el festival que re\u00fane la producci\u00f3n art\u00edstica universitaria"},"content":{"rendered":"\n<p><b>El acto de lanzamiento ser\u00e1 el 6 de mayo en el Museo Emilio Caraffa. La iniciativa re\u00fane a instituciones p\u00fablicas y universidades para impulsar la producci\u00f3n art\u00edstica de estudiantes y egresados recientes de toda la provincia.&nbsp;<\/b><\/p>\n<p><span>El Festival Estudiantil \u201cNuestro Arte es Trabajo\u201d tendr\u00e1 su segunda edici\u00f3n y ser\u00e1 presentado oficialmente el mi\u00e9rcoles 6 de mayo a las 11:00 en el Museo Provincial de Bellas Artes Emilio Caraffa. La propuesta, que articula a organismos p\u00fablicos y universidades, busca dar visibilidad a la producci\u00f3n art\u00edstica que se genera en el \u00e1mbito acad\u00e9mico y consolidar espacios de exhibici\u00f3n y circulaci\u00f3n para nuevas generaciones.<\/span><\/p>\n<p><span>La iniciativa es resultado de un trabajo conjunto entre la Secretar\u00eda de Fortalecimiento Vecinal, Cultura y Deportes, la Agencia C\u00f3rdoba Cultura y las universidades Provincial y Nacional de C\u00f3rdoba. El objetivo es sostener una plataforma que reconozca el car\u00e1cter profesional de las pr\u00e1cticas art\u00edsticas y acompa\u00f1e a quienes se forman y producen en ese campo.<\/span><\/p>\n<p><span>La primera edici\u00f3n, realizada en octubre de 2025, reuni\u00f3 m\u00e1s de 300 obras y proyectos en los espacios del Museo Caraffa y el Museo Metropolitano de Arte Urbano. Durante diez d\u00edas, estudiantes y egresados recientes de distintas instituciones de la provincia presentaron trabajos en artes visuales, audiovisuales, esc\u00e9nicas y sonoras, dando cuenta de la diversidad de lenguajes y enfoques que atraviesan la escena local.<\/span><\/p>\n<p><span>En esa instancia fueron reconocidas obras como <\/span><i><span>La ma\u00f1ana de las olvidadas<\/span><\/i><span>, <\/span><i><span>El tiempo de la espuma<\/span><\/i><span>, <\/span><i><span>La religi\u00f3n del ruido<\/span><\/i><span> y <\/span><i><span>Frenes\u00ed<\/span><\/i><span>, que obtuvieron los principales premios del jurado en sus respectivas categor\u00edas.<\/span><\/p>\n<p><span>La nueva edici\u00f3n retoma esa experiencia y abre nuevamente la convocatoria a estudiantes de grado y egresados de hasta tres a\u00f1os de instituciones de educaci\u00f3n superior de toda la provincia, tanto para presentaciones individuales como colectivas.&nbsp;<\/span><\/p>\n<p><span>El objetivo es concreto: que lo que se produce en el \u00e1mbito acad\u00e9mico no quede puertas adentro, sino que circule y forme parte de la programaci\u00f3n de los espacios culturales de la ciudad. En ese sentido, la articulaci\u00f3n entre instituciones resulta clave para dar mayor visibilidad a estos sectores ampliando el alcance de las producciones para llegar a la comunidad.&nbsp;<\/span><\/p>\n","protected":false},"excerpt":{"rendered":"<p> El acto de lanzamiento ser\u00e1 el 6 de mayo en el Museo Emilio Caraffa. La iniciativa re\u00fane a instituciones p\u00fablicas y universidades para impulsar la producci\u00f3n art\u00edstica de estudiantes y [&#8230;]  <\/p>\n","protected":false},"author":1,"featured_media":0,"comment_status":"closed","ping_status":"closed","sticky":false,"template":"","format":"standard","meta":{"footnotes":""},"categories":[20,19],"tags":[92,47,201,28],"_links":{"self":[{"href":"https:\/\/ritmocordoba.com\/index.php?rest_route=\/wp\/v2\/posts\/40658"}],"collection":[{"href":"https:\/\/ritmocordoba.com\/index.php?rest_route=\/wp\/v2\/posts"}],"about":[{"href":"https:\/\/ritmocordoba.com\/index.php?rest_route=\/wp\/v2\/types\/post"}],"author":[{"embeddable":true,"href":"https:\/\/ritmocordoba.com\/index.php?rest_route=\/wp\/v2\/users\/1"}],"replies":[{"embeddable":true,"href":"https:\/\/ritmocordoba.com\/index.php?rest_route=%2Fwp%2Fv2%2Fcomments&post=40658"}],"version-history":[{"count":0,"href":"https:\/\/ritmocordoba.com\/index.php?rest_route=\/wp\/v2\/posts\/40658\/revisions"}],"wp:attachment":[{"href":"https:\/\/ritmocordoba.com\/index.php?rest_route=%2Fwp%2Fv2%2Fmedia&parent=40658"}],"wp:term":[{"taxonomy":"category","embeddable":true,"href":"https:\/\/ritmocordoba.com\/index.php?rest_route=%2Fwp%2Fv2%2Fcategories&post=40658"},{"taxonomy":"post_tag","embeddable":true,"href":"https:\/\/ritmocordoba.com\/index.php?rest_route=%2Fwp%2Fv2%2Ftags&post=40658"}],"curies":[{"name":"wp","href":"https:\/\/api.w.org\/{rel}","templated":true}]}}