{"id":40643,"date":"2026-04-30T23:17:58","date_gmt":"2026-04-30T23:17:58","guid":{"rendered":"https:\/\/www.radioestacion.com.ar\/?p=404128"},"modified":"2026-04-30T23:17:58","modified_gmt":"2026-04-30T23:17:58","slug":"hector-y-cristina-pacheco-dos-vidas-atravesadas-por-el-tala-lo-mas-importante-fue-la-familia","status":"publish","type":"post","link":"https:\/\/ritmocordoba.com\/?p=40643","title":{"rendered":"H\u00e9ctor y Cristina Pacheco, dos vidas atravesadas por El Tala: \u201cLo m\u00e1s importante fue la familia\u201d"},"content":{"rendered":"\n<div><img decoding=\"async\" src=\"http:\/\/ritmocordoba.com\/wp-content\/uploads\/2026\/05\/hector-y-cristina-pacheco-dos-vidas-atravesadas-por-el-tala-lo-mas-importante-fue-la-familia.png\" class=\"ff-og-image-inserted\"><\/div>\n<h3 data-start=\"0\" data-end=\"367\">En el marco de los 80 a\u00f1os del Club El Tala, las historias de quienes dedicaron gran parte de su vida a la instituci\u00f3n permiten entender por qu\u00e9 el club es mucho m\u00e1s que un espacio deportivo en San Francisco.<\/h3>\n<p data-start=\"0\" data-end=\"367\">Entre esos protagonistas aparecen H\u00e9ctor Ramos Pacheco y Cristina Pacheco, dos nombres profundamente ligados al crecimiento y la vida cotidiana de la entidad.<\/p>\n<h3 data-start=\"369\" data-end=\"398\"><strong data-start=\"369\" data-end=\"398\">Una vida dedicada al club<\/strong><\/h3>\n<p data-start=\"400\" data-end=\"665\"><strong>H\u00e9ctor Ramos Pacheco<\/strong> fue claro al resumir su v\u00ednculo con El Tala: <em>\u201cDej\u00e9 muchos a\u00f1os de mi vida ac\u00e1, y no lo lamento\u201d<\/em>. Su recorrido dentro de la instituci\u00f3n incluy\u00f3<strong> tres per\u00edodos como presidente<\/strong>, siempre con un denominador com\u00fan: el compromiso y el amor por el club.<\/p>\n<p data-start=\"667\" data-end=\"942\"><em>\u201cSiempre he amado a El Tala y lo sigo amando, a pesar de que ya no vengo tanto\u201d<\/em>, expres\u00f3, dejando en evidencia un sentimiento que trasciende el paso del tiempo. Su rol dirigencial fue clave en distintas etapas, aportando trabajo y dedicaci\u00f3n para el desarrollo institucional.<\/p>\n<h3 data-start=\"944\" data-end=\"989\"><strong data-start=\"944\" data-end=\"989\">El aporte desde la educaci\u00f3n y el deporte<\/strong><\/h3>\n<p data-start=\"991\" data-end=\"1294\">Por su parte, <strong>Cristina Pacheco<\/strong> tambi\u00e9n construy\u00f3 una historia extensa dentro del club, con un fuerte v\u00ednculo desde lo educativo y deportivo. Fue directora del Jard\u00edn de Infantes Modelo Pueblo de El Tala durante 17 a\u00f1os, adem\u00e1s de integrar comisiones directivas y presidir subcomisiones como la de v\u00f3ley.<\/p>\n<p data-start=\"1296\" data-end=\"1506\">Su paso dej\u00f3 huellas en distintas \u00e1reas, pero especialmente en la formaci\u00f3n de ni\u00f1os y j\u00f3venes. <em>\u201cCuando se inici\u00f3 el jard\u00edn ten\u00edamos 120 chicos, algo que parec\u00eda incre\u00edble. Fue un momento muy emotivo\u201d<\/em>, record\u00f3.<\/p>\n<p data-start=\"1508\" data-end=\"1780\">Adem\u00e1s, destac\u00f3 experiencias que marcaron a generaciones, como viajes deportivos con delegaciones infantiles, que no solo implicaban competencia sino tambi\u00e9n formaci\u00f3n y vivencias compartidas. <em>\u201cFueron 10 o 12 d\u00edas hermosos, experiencias que los chicos no olvidan\u201d<\/em>, se\u00f1al\u00f3.<\/p>\n<h3 data-start=\"1782\" data-end=\"1817\"><strong data-start=\"1782\" data-end=\"1817\">Momentos, valores y pertenencia<\/strong><\/h3>\n<p data-start=\"1819\" data-end=\"2064\">A lo largo de los a\u00f1os, ambos atravesaron distintas etapas del club, desde el crecimiento de disciplinas como el b\u00e1squet (con participaciones en categor\u00edas nacionales) hasta los logros del v\u00f3ley femenino, que supo cosechar m\u00faltiples campeonatos.<\/p>\n<p data-start=\"2066\" data-end=\"2315\">Sin embargo, m\u00e1s all\u00e1 de los resultados deportivos, hay un aspecto que sobresale en sus testimonios: los valores. <em>\u201cLo m\u00e1s importante fue el respeto\u201d<\/em>, destac\u00f3 Cristina, quien valor\u00f3 el reconocimiento que a\u00fan hoy recibe de quienes pasaron por el club.<\/p>\n<p data-start=\"2317\" data-end=\"2477\">En esa misma l\u00ednea, H\u00e9ctor resumi\u00f3 lo que El Tala signific\u00f3 en su vida: <em>\u201cMe dio amistad, compa\u00f1erismo y el valor del trabajo. Pero lo principal fue la familia\u201d<\/em>.<\/p>\n<p data-start=\"2479\" data-end=\"2510\"><strong data-start=\"2479\" data-end=\"2510\">Un club que sigue creciendo<\/strong><\/p>\n<p data-start=\"2512\" data-end=\"2769\">Ambos coincidieron en resaltar el presente de la instituci\u00f3n, valorando el trabajo de las nuevas generaciones que contin\u00faan con el legado. <em>\u201cEl club est\u00e1 cada d\u00eda m\u00e1s lindo, con gente maravillosa y siempre con el objetivo de unir a las personas\u201d<\/em>, remarcaron.<\/p>\n<p data-start=\"2771\" data-end=\"2991\">Al momento de definir qu\u00e9 representa El Tala, la palabra se repite sin dudar<strong>: familia<\/strong>. Un concepto que atraviesa generaciones y que explica por qu\u00e9 el club sigue siendo un punto de encuentro para padres, hijos y abuelos.<\/p>\n<blockquote class=\"wp-embedded-content\" data-secret=\"ChkOi55Hhw\">\n<p><a href=\"https:\/\/www.radioestacion.com.ar\/jorge-bianchi-una-vida-ligada-a-el-tala-del-basquet-formativo-al-compromiso-dirigencial\/\">Jorge Bianchi, una vida ligada a El Tala: del b\u00e1squet formativo al compromiso dirigencial<\/a><\/p>\n<\/blockquote>\n","protected":false},"excerpt":{"rendered":"<p> En el marco de los 80 a\u00f1os del Club El Tala, las historias de quienes dedicaron gran parte de su vida a la instituci\u00f3n permiten entender por qu\u00e9 el club es mucho m\u00e1s que un espacio deportivo en San Francisco. Entre esos protagonistas aparecen H\u00e9ctor Ramos Pacheco y Cristina Pacheco, dos nombres profundamente ligados al [&#8230;]<\/p>\n<p><a href=\"https:\/\/www.radioestacion.com.ar\/hector-y-cristina-pacheco-dos-vidas-atravesadas-por-el-tala-lo-mas-importante-fue-la-familia\/\">Fuente<\/a><\/p>\n","protected":false},"author":1,"featured_media":40644,"comment_status":"closed","ping_status":"closed","sticky":false,"template":"","format":"standard","meta":{"footnotes":""},"categories":[20],"tags":[],"_links":{"self":[{"href":"https:\/\/ritmocordoba.com\/index.php?rest_route=\/wp\/v2\/posts\/40643"}],"collection":[{"href":"https:\/\/ritmocordoba.com\/index.php?rest_route=\/wp\/v2\/posts"}],"about":[{"href":"https:\/\/ritmocordoba.com\/index.php?rest_route=\/wp\/v2\/types\/post"}],"author":[{"embeddable":true,"href":"https:\/\/ritmocordoba.com\/index.php?rest_route=\/wp\/v2\/users\/1"}],"replies":[{"embeddable":true,"href":"https:\/\/ritmocordoba.com\/index.php?rest_route=%2Fwp%2Fv2%2Fcomments&post=40643"}],"version-history":[{"count":0,"href":"https:\/\/ritmocordoba.com\/index.php?rest_route=\/wp\/v2\/posts\/40643\/revisions"}],"wp:featuredmedia":[{"embeddable":true,"href":"https:\/\/ritmocordoba.com\/index.php?rest_route=\/wp\/v2\/media\/40644"}],"wp:attachment":[{"href":"https:\/\/ritmocordoba.com\/index.php?rest_route=%2Fwp%2Fv2%2Fmedia&parent=40643"}],"wp:term":[{"taxonomy":"category","embeddable":true,"href":"https:\/\/ritmocordoba.com\/index.php?rest_route=%2Fwp%2Fv2%2Fcategories&post=40643"},{"taxonomy":"post_tag","embeddable":true,"href":"https:\/\/ritmocordoba.com\/index.php?rest_route=%2Fwp%2Fv2%2Ftags&post=40643"}],"curies":[{"name":"wp","href":"https:\/\/api.w.org\/{rel}","templated":true}]}}