{"id":40641,"date":"2026-04-30T11:41:56","date_gmt":"2026-04-30T11:41:56","guid":{"rendered":"https:\/\/puntal-editorialfundamento.cms.api.thinkindot.com\/c256706"},"modified":"2026-04-30T11:41:56","modified_gmt":"2026-04-30T11:41:56","slug":"ley-joaquin-se-creara-un-regimen-de-proteccion-para-las-victimas","status":"publish","type":"post","link":"https:\/\/ritmocordoba.com\/?p=40641","title":{"rendered":"&#8220;Ley Joaqu\u00edn&#8221;: se crear\u00e1 un r\u00e9gimen de protecci\u00f3n para las v\u00edctimas"},"content":{"rendered":"\n<div><img decoding=\"async\" src=\"http:\/\/ritmocordoba.com\/wp-content\/uploads\/2026\/05\/ley-joaquin-se-creara-un-regimen-de-proteccion-para-las-victimas.jpg\" class=\"ff-og-image-inserted\"><\/div>\n<p> \u201cEs un paso adelante en lo que es la justicia para las v\u00edctimas en tener derechos\u201d, dijo ayer a Puntal Mariela Flores, la madre del adolescente asesinado en Laboulaye.<\/p>\n<p>El debate volvi\u00f3 a tomar impulso en la Comisi\u00f3n de Seguridad de la Legislatura.<\/p>\n<p>\u201cEstuve cuando se trat\u00f3 el tema. Esto es un paso adelante en lo que es la justicia para las v\u00edctimas en tener derechos. En el caso de Joaqu\u00edn se vulneraron todos los derechos constitucionales y se priorizaron los derechos de los otros\u201d, sostuvo Mariela.<\/p>\n<p>\u201cEsta ley especifica que sea en proceso de menores y para que otros casos no pasen por los atropellos que hemos pasado\u201d, a\u00f1adi\u00f3 la madre.<\/p>\n<p>\u201cLa v\u00edctima no es un objeto sino un sujeto de derecho\u201d, expres\u00f3.<\/p>\n<p>\u201cTambi\u00e9n pedimos la capacitaci\u00f3n de los funcionarios p\u00fablicos\u201d, manifest\u00f3.<\/p>\n<p>El debate por la \u201cLey Joaqu\u00edn\u201d volvi\u00f3 a tomar impulso en la Comisi\u00f3n de Seguridad, presidida por el legislador Juan Manuel Llamosas.<\/p>\n<p>La iniciativa, que toma su nombre del caso de Joaqu\u00edn Sperani, el adolescente asesinado en Laboulaye, apunta a crear un r\u00e9gimen integral de protecci\u00f3n para las v\u00edctimas.<\/p>\n<p>Durante el encuentro, la familia del joven particip\u00f3 activamente y aport\u00f3 su mirada sobre la necesidad de reformar el sistema judicial. <\/p>\n<p>Desde el oficialismo se\u00f1alaron que el proyecto implica pasar de un reconocimiento formal de derechos a su aplicaci\u00f3n efectiva, garantizando trato digno, acceso a la informaci\u00f3n, intervenci\u00f3n en las causas, asistencia interdisciplinaria y medidas de protecci\u00f3n.<\/p>\n<p>En paralelo, la oposici\u00f3n tambi\u00e9n present\u00f3 propuestas para enriquecer el debate, aunque existe consenso en avanzar hacia una normativa que brinde respuestas concretas a las familias afectadas por delitos.<\/p>\n<p>Mariela remarc\u00f3 la importancia del proyecto mencionado y sostuvo que en el caso de su hijo \u201cse vulneraron todos los derechos constitucionales\u201d, al tiempo que reclam\u00f3 capacitaci\u00f3n para los funcionarios y un enfoque que reconozca a la v\u00edctima como \u201csujeto de derecho\u201d.<\/p>\n","protected":false},"excerpt":{"rendered":"\n<p id=\"p-1777549239546-40666\" class=\"ignore-parser\">\u201cEs un paso adelante en lo que es la justicia para las v\u00edctimas en tener derechos\u201d, dijo a Puntal Mariela Flores, la madre del adolescente asesinado en Laboulaye. El debate volvi\u00f3 a tomar impulso en la Comisi\u00f3n de Seguridad<\/p>\n","protected":false},"author":1,"featured_media":40642,"comment_status":"closed","ping_status":"closed","sticky":false,"template":"","format":"standard","meta":{"footnotes":""},"categories":[26],"tags":[],"_links":{"self":[{"href":"https:\/\/ritmocordoba.com\/index.php?rest_route=\/wp\/v2\/posts\/40641"}],"collection":[{"href":"https:\/\/ritmocordoba.com\/index.php?rest_route=\/wp\/v2\/posts"}],"about":[{"href":"https:\/\/ritmocordoba.com\/index.php?rest_route=\/wp\/v2\/types\/post"}],"author":[{"embeddable":true,"href":"https:\/\/ritmocordoba.com\/index.php?rest_route=\/wp\/v2\/users\/1"}],"replies":[{"embeddable":true,"href":"https:\/\/ritmocordoba.com\/index.php?rest_route=%2Fwp%2Fv2%2Fcomments&post=40641"}],"version-history":[{"count":0,"href":"https:\/\/ritmocordoba.com\/index.php?rest_route=\/wp\/v2\/posts\/40641\/revisions"}],"wp:featuredmedia":[{"embeddable":true,"href":"https:\/\/ritmocordoba.com\/index.php?rest_route=\/wp\/v2\/media\/40642"}],"wp:attachment":[{"href":"https:\/\/ritmocordoba.com\/index.php?rest_route=%2Fwp%2Fv2%2Fmedia&parent=40641"}],"wp:term":[{"taxonomy":"category","embeddable":true,"href":"https:\/\/ritmocordoba.com\/index.php?rest_route=%2Fwp%2Fv2%2Fcategories&post=40641"},{"taxonomy":"post_tag","embeddable":true,"href":"https:\/\/ritmocordoba.com\/index.php?rest_route=%2Fwp%2Fv2%2Ftags&post=40641"}],"curies":[{"name":"wp","href":"https:\/\/api.w.org\/{rel}","templated":true}]}}