{"id":40639,"date":"2026-05-01T01:17:52","date_gmt":"2026-05-01T01:17:52","guid":{"rendered":"http:\/\/3d05e12607cd4ba9048229e353340b16"},"modified":"2026-05-01T01:17:52","modified_gmt":"2026-05-01T01:17:52","slug":"lule-menem-apuro-a-la-libertaria-orozco-porque-le-complica-la-relacion-con-el-salteno-saenz","status":"publish","type":"post","link":"https:\/\/ritmocordoba.com\/?p=40639","title":{"rendered":"Lule Menem apur\u00f3 a la libertaria Orozco porque le complica la relaci\u00f3n con el salte\u00f1o Saenz"},"content":{"rendered":"\n<div class=\"media_block\"><img decoding=\"async\" src=\"http:\/\/ritmocordoba.com\/wp-content\/uploads\/2026\/05\/lule-menem-apuro-a-la-libertaria-orozco-porque-le-complica-la-relacion-con-el-salteno-saenz.jpg\"><\/div>\n<p>La c\u00fapula del gobierno fue al choque con la senadora salte\u00f1a Emilia Orozco (LLA) porque su cr\u00edticas irritan al gobierno de Gustavo S\u00e1enz, un aliado que debe aporta votos clave para poder aprobar en el Congreso el fin de las PASO.<\/p>\n<p>Los roces se dieron durante una exposici\u00f3n econ\u00f3mica sobre Keynes que Javier Milei brind\u00f3 en el Palacio Libertad junto al diputado Adri\u00e1n Ravier y el economista Juan Carlos de Pablo. All\u00ed Lule Menem se acerc\u00f3 a Orozco para increparla. Discutieron durante algunos minutos y el funcionario de Karina le dej\u00f3 en claro que sus cr\u00edticas a S\u00e1enz complican los intereses del gobierno.<\/p>\n<p>Orozco consigui\u00f3 un triunfo contundente en las elecciones de octubre pasado. Super\u00f3 sin problemas a Flavia Roy\u00f3n, la candidata de S\u00e1enz, y dej\u00f3 sin banca al ex gobernador Juan Manuel Urtubey. Ahora la senadora libertaria asoma como una amenaza para la reelecci\u00f3n del gobernador salte\u00f1o.<\/p>\n<figure class=\"vsmimage\" contenteditable=\"false\"><img loading=\"lazy\" decoding=\"async\" alt=\"Lule Menem apur\u00f3 a la libertaria Orozco porque le complica la relaci\u00f3n con el salte\u00f1o Saenz\" data-vsmid=\"261857\" data-owidth=\"1181\" data-oheight=\"779\" src=\"data:image\/png;base64,iVBORw0KGgoAAAANSUhEUgAAAx4AAAIOAQMAAAAMVUlSAAAAA1BMVEUAAACnej3aAAAAAXRSTlMAQObYZgAAAElJREFUeJztwQEBAAAAgiD\/r25IQAEAAAAAAAAAAAAAAAAAAAAAAAAAAAAAAAAAAAAAAAAAAAAAAAAAAAAAAAAAAAAAAAAAAPBjz4YAAXoxaWgAAAAASUVORK5CYII=\" vsmidos=\"1\" vsmsrc=\"\/files\/image\/261\/261857\/6888f66d44f15_798_526!.jpg?s=ef09cdc4bc0fce8264d9073213922c35&amp;d=1777598657\" width=\"798\" height=\"526\" contenteditable=\"false\"><\/figure>\n<p>Sus cr\u00edticas a S\u00e1enz complican la estrategia que el gobierno teje con los gobernadores del norte. Los libertarios cerraron un acuerdo por el cual La Libertad Avanza pondr\u00e1 en esa provincia un candidato de media tabla y Milei no har\u00e1 campa\u00f1a en el norte. A cambio, S\u00e1enz debe votar la reforma electoral.<\/p>\n<p>El problema es que el triunfo de Orozco el a\u00f1o pasado y las cr\u00edticas constantes de la senadora a S\u00e1enz hace dudar al salte\u00f1o. Al punto que d\u00edas atr\u00e1s, Roy\u00f3n mostr\u00f3 reticencia a aprobar el fin de las PASO tal como lleg\u00f3 al Congreso. &#8220;Est\u00e1 dispuesta a discutir modificaciones sobre las primarias pero no sacarlas. Se puede discutir la obligatoriedad o el financiamiento&#8221;, dijeron desde su entorno.<\/p>\n<p>Un dato interesante es que estos acuerdos entre gobernadores peronistas y el gobierno son promovidos por el ministro de Econom\u00eda, Luis Caputo, que no quiere des\u00f3rdenes pol\u00edticos en las provincias.<\/p>\n<figure class=\"vsmwidget widget-wrapper iframehidden widget-type-youtube youtube \" vsmtype=\"youtube\" contenteditable=\"false\" hiturl=\"\/tools\/hit.php?d=39dad6c21a8dbd1e4ef08a22cce6a50b;;&amp;a=210\"><iframe loading=\"lazy\" width=\"651\" height=\"366\" src=\"https:\/\/www.youtube.com\/embed\/Djp4CF96E6o?si=At7aZnnMoDqXHiwG\" title=\"YouTube video player\" frameborder=\"0\" allow=\"accelerometer; autoplay; clipboard-write; encrypted-media; gyroscope; picture-in-picture; web-share\" referrerpolicy=\"strict-origin-when-cross-origin\" allowfullscreen>[embedded content]<\/iframe><\/figure>\n<p>La conferencia en el Palacio Libertad mostr\u00f3 la incomodidad que rodea al Presidente en las \u00faltimas semanas. En un momento, Milei casi pierde los estribos ante la pregunta de un libertario sobre la suba de la inflaci\u00f3n.<\/p>\n<p>Es que a pesar de ser un evento rodeado mayoritariamente por seguidores y figuras afines a las ideas libertarias, el Jefe de Estado protagoniz\u00f3 un cruce inc\u00f3modo con uno de los presentes. Un joven identificado con el movimiento libertario consult\u00f3 al mandatario sobre las preocupaciones actuales respecto al aumento de la inflaci\u00f3n.<\/p>\n<p>La reacci\u00f3n de Milei fue inmediata y denot\u00f3 una profunda molestia por el cambio de eje de la charla. &#8220;No es el lugar, maestro, no es el momento ni el lugar&#8221;, repiti\u00f3 el Presidente en varias ocasiones, cortando en seco la intervenci\u00f3n del seguidor.<\/p>\n<p>Visiblemente irritado, el jefe de Estado inst\u00f3 a mantener la discusi\u00f3n dentro de los carriles acad\u00e9micos previstos para la tarde, evitando dar precisiones sobre los \u00edndices de precios en ese contexto.<\/p>\n","protected":false},"excerpt":{"rendered":"\n<div class=\"media_block\"><img decoding=\"async\" src=\"http:\/\/ritmocordoba.com\/wp-content\/uploads\/2026\/05\/lule-menem-apuro-a-la-libertaria-orozco-porque-le-complica-la-relacion-con-el-salteno-saenz.jpg\"><\/div>\n<p>En una conferencia sobre Keynes en Palacio Libertad, el funcionario de Karina le pidi\u00f3 a la senadora que limite sus cr\u00edticas porque se complica la eliminaci\u00f3n de las PASO.  <\/p>\n","protected":false},"author":1,"featured_media":40640,"comment_status":"closed","ping_status":"closed","sticky":false,"template":"","format":"standard","meta":{"footnotes":""},"categories":[26],"tags":[],"_links":{"self":[{"href":"https:\/\/ritmocordoba.com\/index.php?rest_route=\/wp\/v2\/posts\/40639"}],"collection":[{"href":"https:\/\/ritmocordoba.com\/index.php?rest_route=\/wp\/v2\/posts"}],"about":[{"href":"https:\/\/ritmocordoba.com\/index.php?rest_route=\/wp\/v2\/types\/post"}],"author":[{"embeddable":true,"href":"https:\/\/ritmocordoba.com\/index.php?rest_route=\/wp\/v2\/users\/1"}],"replies":[{"embeddable":true,"href":"https:\/\/ritmocordoba.com\/index.php?rest_route=%2Fwp%2Fv2%2Fcomments&post=40639"}],"version-history":[{"count":0,"href":"https:\/\/ritmocordoba.com\/index.php?rest_route=\/wp\/v2\/posts\/40639\/revisions"}],"wp:featuredmedia":[{"embeddable":true,"href":"https:\/\/ritmocordoba.com\/index.php?rest_route=\/wp\/v2\/media\/40640"}],"wp:attachment":[{"href":"https:\/\/ritmocordoba.com\/index.php?rest_route=%2Fwp%2Fv2%2Fmedia&parent=40639"}],"wp:term":[{"taxonomy":"category","embeddable":true,"href":"https:\/\/ritmocordoba.com\/index.php?rest_route=%2Fwp%2Fv2%2Fcategories&post=40639"},{"taxonomy":"post_tag","embeddable":true,"href":"https:\/\/ritmocordoba.com\/index.php?rest_route=%2Fwp%2Fv2%2Ftags&post=40639"}],"curies":[{"name":"wp","href":"https:\/\/api.w.org\/{rel}","templated":true}]}}