{"id":40637,"date":"2026-04-30T10:50:00","date_gmt":"2026-04-30T10:50:00","guid":{"rendered":"http:\/\/69f334e8d9c2e111c2d6647f"},"modified":"2026-04-30T10:50:00","modified_gmt":"2026-04-30T10:50:00","slug":"bomberos-celebra-hoy-sus-89-anos-con-un-show-en-el-gigante","status":"publish","type":"post","link":"https:\/\/ritmocordoba.com\/?p=40637","title":{"rendered":"Bomberos celebra hoy sus 89 a\u00f1os con un show en el Gigante"},"content":{"rendered":"\n<div class=\"media_block\"><img decoding=\"async\" src=\"http:\/\/ritmocordoba.com\/wp-content\/uploads\/2026\/05\/bomberos-celebra-hoy-sus-89-anos-con-un-show-en-el-gigante.jpg\"><\/div>\n<p><tadevel-ad sizes=\"336x280-300x300-300x250-300x200-300x100, 728x90-336x280-300x300-300x250-300x200-300x100 1024w\" slot-id=\"article-content-01\"><\/tadevel-ad><\/p>\n<p><strong>Bomberos Voluntarios <\/strong>de San Francisco celebra hoy sus 89 a\u00f1os con un evento en el Gigante, como previa tambi\u00e9n del <strong>D\u00eda del Trabajador<\/strong>. La propuesta incluye una grilla art\u00edstica con <strong>Sim\u00f3n Aguirre<\/strong>, <strong>Luz Paisio <\/strong>y <strong>La Banda del Grillo<\/strong>.<\/p>\n<p>De acuerdo a lo comunicado por la instituci\u00f3n, la venta general de entradas sigue en marcha, tanto en boleter\u00eda como de manera online a trav\u00e9s del sitio habilitado para el evento.&nbsp;<\/p>\n<p><tadevel-ad sizes=\"336x280-300x300-300x250-300x200-300x100, 728x90-336x280-300x300-300x250-300x200-300x100 1024w\" slot-id=\"article-content-02\"><\/tadevel-ad><\/p>\n<p>El evento est\u00e1 destinado a mayores de 18 a\u00f1os y se indic\u00f3 que el ingreso al predio estar\u00e1 permitido hasta las 2.<\/p>\n<figure data-url=\"https:\/\/www.youtube.com\/watch?v=rpK1BQCYzz0\" class=\"multimedia\" data-html data-tadevel-template=\"web\/multimedia\" data-type=\"video\">\n<div class=\"content\">\n<div class=\"sizer\" data-sizer=\"aspect-ratio\" data-tadevel-template=\"web\/aspect-ratio\">\n<div class=\"backdrop\" data-tadevel-template=\"web\/backdrop\">\n<div class=\"facade\" data-facade-target data-tadevel-template=\"web\/multimedia-facade\"><button aria-label=\"Reproducir video\" class=\"run\"><svg preserveAspectRatio=\"xMidYMid meet\" viewBox=\"0 0 24 24\" focusable=\"false\"><path d=\"M8 5v14l11-7z\" \/><\/svg><\/button><template> <iframe allow=\"accelerometer; autoplay; clipboard-write; encrypted-media; gyroscope; picture-in-picture\" sandbox=\"allow-scripts allow-same-origin allow-popups allow-popups-to-escape-sandbox\" src=\"https:\/\/www.youtube.com\/embed\/rpK1BQCYzz0?feature=oembed&amp;autoplay=1\" allowfullscreen data-tadevel-template=\"web\/multimedia-iframe\" frameborder=\"no\" loading=\"lazy\" scrolling=\"no\">[embedded content]<\/iframe><\/template><\/div>\n<\/div>\n<\/div>\n<\/div><figcaption class=\"caption\">\n<div class=\"description\">SIMON x LUZ PAISIO \/\/ Me Extra\u00f1as (En Vivo)<\/div>\n<\/figcaption><\/figure>\n<figure class=\"multimedia\" data-tadevel-template=\"web\/multimedia\" data-type=\"photo\">\n<div class=\"content\">\n<div class=\"sizer\" data-sizer=\"aspect-ratio\" data-tadevel-template=\"web\/aspect-ratio\"><picture data-tadevel-template=\"web\/picture\"><source sizes=\"(min-device-width: 768px) 768px, 200px\" srcset=\"http:\/\/ritmocordoba.com\/wp-content\/uploads\/2026\/05\/bomberos-celebra-hoy-sus-89-anos-con-un-show-en-el-gigante.webp 144w, http:\/\/ritmocordoba.com\/wp-content\/uploads\/2026\/05\/bomberos-celebra-hoy-sus-89-anos-con-un-show-en-el-gigante-1.webp 288w, https:\/\/periodico-assets.tadevel-cdn.com\/69e6a2e85907c3b7b5ea12e7\/720.webp 576w\" type=\"image\/webp\"><source sizes=\"(min-device-width: 768px) 768px, 200px\" srcset=\"https:\/\/periodico-assets.tadevel-cdn.com\/69e6a2e85907c3b7b5ea12e7\/720.jpeg 576w\" type=\"image\/jpeg\"><img alt=\"Bomberos celebra hoy sus 89 a\u00f1os con un show en el Gigante\" loading=\"lazy\"><x-picture-helper><\/x-picture-helper><\/picture><\/div>\n<\/div>\n<\/figure>\n<p><tadevel-ad sizes=\"336x280-300x300-300x250-300x200-300x100, 728x90-336x280-300x300-300x250-300x200-300x100 1024w\" slot-id=\"article-content-03\"><\/tadevel-ad><\/p>\n<figure class=\"multimedia\" data-tadevel-template=\"web\/multimedia\" data-type=\"photo\">\n<div class=\"content\">\n<div class=\"sizer\" data-sizer=\"aspect-ratio\" data-tadevel-template=\"web\/aspect-ratio\"><picture data-tadevel-template=\"web\/picture\"><source sizes=\"(min-device-width: 768px) 768px, 200px\" srcset=\"http:\/\/ritmocordoba.com\/wp-content\/uploads\/2026\/05\/bomberos-celebra-hoy-sus-89-anos-con-un-show-en-el-gigante-2.webp 144w, http:\/\/ritmocordoba.com\/wp-content\/uploads\/2026\/05\/bomberos-celebra-hoy-sus-89-anos-con-un-show-en-el-gigante-3.webp 288w, https:\/\/periodico-assets.tadevel-cdn.com\/69e6a2455907c3b7b5ea0ade\/720.webp 576w\" type=\"image\/webp\"><source sizes=\"(min-device-width: 768px) 768px, 200px\" srcset=\"https:\/\/periodico-assets.tadevel-cdn.com\/69e6a2455907c3b7b5ea0ade\/720.jpeg 576w\" type=\"image\/jpeg\"><img alt=\"Bomberos celebra hoy sus 89 a\u00f1os con un show en el Gigante\" loading=\"lazy\"><x-picture-helper><\/x-picture-helper><\/picture><\/div>\n<\/div>\n<\/figure>\n<p><tadevel-ad sizes=\"336x280-300x300-300x250-300x200-300x100, 728x90-336x280-300x300-300x250-300x200-300x100 1024w\" slot-id=\"article-content-04\"><\/tadevel-ad> <\/p>\n","protected":false},"excerpt":{"rendered":"\n<div class=\"media_block\"><img decoding=\"async\" src=\"http:\/\/ritmocordoba.com\/wp-content\/uploads\/2026\/05\/bomberos-celebra-hoy-sus-89-anos-con-un-show-en-el-gigante.jpg\"><\/div>\n<p>La fiesta ser\u00e1 este jueves 30 de abril con Luz Paisio, Sim\u00f3n Aguirre y La Banda del Grillo. La venta de entradas sigue adelante.  <\/p>\n","protected":false},"author":1,"featured_media":40638,"comment_status":"closed","ping_status":"closed","sticky":false,"template":"","format":"standard","meta":{"footnotes":""},"categories":[19],"tags":[],"_links":{"self":[{"href":"https:\/\/ritmocordoba.com\/index.php?rest_route=\/wp\/v2\/posts\/40637"}],"collection":[{"href":"https:\/\/ritmocordoba.com\/index.php?rest_route=\/wp\/v2\/posts"}],"about":[{"href":"https:\/\/ritmocordoba.com\/index.php?rest_route=\/wp\/v2\/types\/post"}],"author":[{"embeddable":true,"href":"https:\/\/ritmocordoba.com\/index.php?rest_route=\/wp\/v2\/users\/1"}],"replies":[{"embeddable":true,"href":"https:\/\/ritmocordoba.com\/index.php?rest_route=%2Fwp%2Fv2%2Fcomments&post=40637"}],"version-history":[{"count":0,"href":"https:\/\/ritmocordoba.com\/index.php?rest_route=\/wp\/v2\/posts\/40637\/revisions"}],"wp:featuredmedia":[{"embeddable":true,"href":"https:\/\/ritmocordoba.com\/index.php?rest_route=\/wp\/v2\/media\/40638"}],"wp:attachment":[{"href":"https:\/\/ritmocordoba.com\/index.php?rest_route=%2Fwp%2Fv2%2Fmedia&parent=40637"}],"wp:term":[{"taxonomy":"category","embeddable":true,"href":"https:\/\/ritmocordoba.com\/index.php?rest_route=%2Fwp%2Fv2%2Fcategories&post=40637"},{"taxonomy":"post_tag","embeddable":true,"href":"https:\/\/ritmocordoba.com\/index.php?rest_route=%2Fwp%2Fv2%2Ftags&post=40637"}],"curies":[{"name":"wp","href":"https:\/\/api.w.org\/{rel}","templated":true}]}}