{"id":40636,"date":"2026-05-01T04:22:46","date_gmt":"2026-05-01T04:22:46","guid":{"rendered":"https:\/\/cultura.cordoba.gob.ar\/?p=24626"},"modified":"2026-05-01T04:22:46","modified_gmt":"2026-05-01T04:22:46","slug":"la-cultura-se-expande-en-cordoba-la-fad-y-el-municipio-firmaron-un-convenio-de-articulacion-territorial","status":"publish","type":"post","link":"https:\/\/ritmocordoba.com\/?p=40636","title":{"rendered":"La cultura se expande en C\u00f3rdoba: la FAD y el municipio firmaron un convenio de articulaci\u00f3n territorial"},"content":{"rendered":"\n<p><b>El acuerdo establece una agenda conjunta de actividades culturales en museos, centros culturales y centros vecinales, con el objetivo de fortalecer el v\u00ednculo entre la producci\u00f3n acad\u00e9mica y la comunidad.&nbsp;<\/b><\/p>\n<p><span>La Secretar\u00eda de Fortalecimiento Vecinal, Cultura y Deportes de la Municipalidad de C\u00f3rdoba y la Facultad de Arte y Dise\u00f1o de la Universidad Provincial de C\u00f3rdoba firmaron un convenio espec\u00edfico de cooperaci\u00f3n y colaboraci\u00f3n rec\u00edproca que busca consolidar una agenda cultural conjunta con fuerte anclaje territorial y reforzar el v\u00ednculo entre la educaci\u00f3n p\u00fablica, la cultura y la comunidad.<\/span><\/p>\n<p><span>El acuerdo fue firmado por el secretario de Fortalecimiento Vecinal, Cultura y Deportes, H\u00e9ctor Campana; la rectora de la UPC, Mar\u00eda Julia Oliva Cuneo; y la decana de la FAD Ianina Ipohorski Lenkiewicz. La iniciativa propone generar instancias de articulaci\u00f3n institucional para el dise\u00f1o, desarrollo y ejecuci\u00f3n de propuestas culturales en distintos espacios municipales, dando continuidad a un trabajo conjunto que ambas instituciones ya vienen desarrollando. En ese marco, Campana destac\u00f3 que el objetivo es que la producci\u00f3n art\u00edstica surgida en el \u00e1mbito acad\u00e9mico \u201cno quede puertas adentro, sino que circule, se comparta y forme parte de la programaci\u00f3n de los espacios culturales y barrios de la ciudad\u201d.&nbsp;<\/span><\/p>\n<p><span>Entre los principales objetivos del convenio se destacan la ampliaci\u00f3n del acceso a los bienes culturales, la promoci\u00f3n del desarrollo art\u00edstico y el fortalecimiento de la participaci\u00f3n ciudadana y la inclusi\u00f3n social. En ese marco, se prev\u00e9 la realizaci\u00f3n de capacitaciones, exhibiciones, conciertos y diversas actividades impulsadas desde el \u00e1mbito acad\u00e9mico, especialmente a trav\u00e9s de la Secretar\u00eda de Extensi\u00f3n de la FAD. Adem\u00e1s, se busca dar mayor visibilidad a la producci\u00f3n art\u00edstica que surge en el \u00e1mbito acad\u00e9mico y abrir los espacios p\u00fablicos a la comunidad.<\/span><\/p>\n<p><span>Las acciones se desplegar\u00e1n en una amplia red de espacios culturales de la ciudad, entre ellos el Museo Metropolitano de Arte Urbano (MMAU), el Museo Genaro P\u00e9rez, el Museo de la Ciudad, el Museo San Alberto, el Museo Juan de Tejeda, el Museo Iberoamericano de Artesan\u00edas, el Museo de la Industria y distintos centros culturales como el Paseo de las Artes, Casa de Pepino, la Casona Municipal, Alta C\u00f3rdoba y San Vicente.<\/span><\/p>\n<p><span>Adem\u00e1s, el convenio incorpora una dimensi\u00f3n territorial clave: la llegada de estas propuestas a centros vecinales y otros espacios comunitarios, reforzando la idea de que la cultura no solo se produce en \u00e1mbitos institucionales sino que tambi\u00e9n circula y se construye en los barrios. En ese sentido, durante la firma participaron representantes de centros vecinales de Cabildo, Comercial, Villa Adela\u2013Las Playas, Las Palmas, Rogelio Mart\u00ednez, Villa 9 de Julio, Los Sauces, Ampliaci\u00f3n Panamericano y Liceo III, lo que refleja una representaci\u00f3n amplia de las distintas seccionales de la ciudad.<\/span><\/p>\n<p><span>Para cada iniciativa espec\u00edfica que surja de este acuerdo, las instituciones firmantes elaborar\u00e1n convenios complementarios en los que se definir\u00e1n objetivos, cronogramas, recursos y responsabilidades. De este modo, se busca garantizar una implementaci\u00f3n sostenida y articulada de las pol\u00edticas culturales, con impacto directo en la vida comunitaria y una agenda de trabajo coordinada en el tiempo.<\/span><\/p>\n","protected":false},"excerpt":{"rendered":"<p> El acuerdo establece una agenda conjunta de actividades culturales en museos, centros culturales y centros vecinales, con el objetivo de fortalecer el v\u00ednculo entre la producci\u00f3n acad\u00e9mica y la comunidad.\u00a0 [&#8230;]  <\/p>\n","protected":false},"author":1,"featured_media":0,"comment_status":"closed","ping_status":"closed","sticky":false,"template":"","format":"standard","meta":{"footnotes":""},"categories":[20,19],"tags":[81,177,28],"_links":{"self":[{"href":"https:\/\/ritmocordoba.com\/index.php?rest_route=\/wp\/v2\/posts\/40636"}],"collection":[{"href":"https:\/\/ritmocordoba.com\/index.php?rest_route=\/wp\/v2\/posts"}],"about":[{"href":"https:\/\/ritmocordoba.com\/index.php?rest_route=\/wp\/v2\/types\/post"}],"author":[{"embeddable":true,"href":"https:\/\/ritmocordoba.com\/index.php?rest_route=\/wp\/v2\/users\/1"}],"replies":[{"embeddable":true,"href":"https:\/\/ritmocordoba.com\/index.php?rest_route=%2Fwp%2Fv2%2Fcomments&post=40636"}],"version-history":[{"count":0,"href":"https:\/\/ritmocordoba.com\/index.php?rest_route=\/wp\/v2\/posts\/40636\/revisions"}],"wp:attachment":[{"href":"https:\/\/ritmocordoba.com\/index.php?rest_route=%2Fwp%2Fv2%2Fmedia&parent=40636"}],"wp:term":[{"taxonomy":"category","embeddable":true,"href":"https:\/\/ritmocordoba.com\/index.php?rest_route=%2Fwp%2Fv2%2Fcategories&post=40636"},{"taxonomy":"post_tag","embeddable":true,"href":"https:\/\/ritmocordoba.com\/index.php?rest_route=%2Fwp%2Fv2%2Ftags&post=40636"}],"curies":[{"name":"wp","href":"https:\/\/api.w.org\/{rel}","templated":true}]}}