{"id":40617,"date":"2026-04-30T10:46:04","date_gmt":"2026-04-30T10:46:04","guid":{"rendered":"https:\/\/www.radioestacion.com.ar\/?p=403967"},"modified":"2026-04-30T10:46:04","modified_gmt":"2026-04-30T10:46:04","slug":"mas-de-120-participantes-en-el-flisol-2026-realizado-en-la-utn-san-francisco","status":"publish","type":"post","link":"https:\/\/ritmocordoba.com\/?p=40617","title":{"rendered":"M\u00e1s de 120 participantes en el FLISOL 2026 realizado en la UTN San Francisco"},"content":{"rendered":"<br \/>\n<h3 class=\"isSelectedEnd\">La Facultad Regional San Francisco de la Universidad Tecnol\u00f3gica Nacional fue escenario de una nueva edici\u00f3n del Festival Latinoamericano de Instalaci\u00f3n de Software Libre, que se desarroll\u00f3 con una destacada convocatoria que super\u00f3 los 120 asistentes.<\/h3>\n<p class=\"isSelectedEnd\">El evento reuni\u00f3 a estudiantes, docentes, graduados y p\u00fablico interesado en el mundo de las tecnolog\u00edas abiertas, consolid\u00e1ndose como un espacio de encuentro para la difusi\u00f3n y promoci\u00f3n del software libre. La jornada cont\u00f3 con la presencia de las autoridades acad\u00e9micas, entre ellas el decano,<strong> Ing. Alberto Toloza<\/strong>, y el vicedecano, Ing. Javier Saldarini.<\/p>\n<p class=\"isSelectedEnd\">Desde el Departamento de Ingenier\u00eda en Sistemas de Informaci\u00f3n destacaron especialmente la diversidad del p\u00fablico participante, lo que permiti\u00f3 generar un intercambio enriquecedor de experiencias en torno al uso de herramientas digitales libres y su impacto en distintos \u00e1mbitos.<\/p>\n<p class=\"isSelectedEnd\">Uno de los aspectos m\u00e1s relevantes de esta edici\u00f3n fue la articulaci\u00f3n con instituciones de nivel medio. En este marco, estudiantes del Ipem 315 presentaron un proyecto de calculadora solar desarrollado \u00edntegramente con software libre, iniciativa que despert\u00f3 el inter\u00e9s de los presentes.<\/p>\n<p><img fetchpriority=\"high\" decoding=\"async\" class=\"alignnone size-full wp-image-403969\" src=\"http:\/\/ritmocordoba.com\/wp-content\/uploads\/2026\/04\/mas-de-120-participantes-en-el-flisol-2026-realizado-en-la-utn-san-francisco.jpg\" alt=\"Utn2\" width=\"1080\" height=\"810\" srcset=\"http:\/\/ritmocordoba.com\/wp-content\/uploads\/2026\/04\/mas-de-120-participantes-en-el-flisol-2026-realizado-en-la-utn-san-francisco.jpg 1080w, https:\/\/www.radioestacion.com.ar\/wp-content\/uploads\/2026\/04\/utn2-768x576.jpg 768w\" sizes=\"(max-width: 1080px) 100vw, 1080px\"><\/p>\n<p class=\"isSelectedEnd\">Durante la jornada tambi\u00e9n se llevaron a cabo<strong> talleres de instalaci\u00f3n de software libre<\/strong>, donde especialistas brindaron asesoramiento pr\u00e1ctico a los asistentes. Adem\u00e1s, los visitantes tuvieron la oportunidad de recorrer el Museo de Inform\u00e1tica de la facultad, sumando una propuesta cultural al encuentro.<\/p>\n<blockquote>\n<p class=\"isSelectedEnd\">El FLISOL, que se realiza en distintos puntos de Latinoam\u00e9rica, contin\u00faa consolid\u00e1ndose como un evento clave para acercar el conocimiento tecnol\u00f3gico a la comunidad, fomentando el uso de herramientas abiertas y colaborativas.<\/p>\n<\/blockquote>\n<blockquote class=\"wp-embedded-content\" data-secret=\"IX2ixGjfUs\">\n<p><a href=\"https:\/\/www.radioestacion.com.ar\/reclamo-frente-al-pami-jovenes-de-lla-cruzaron-a-la-secretaria-general-de-la-cgt\/\">Reclamo frente al Pami: j\u00f3venes de LLA cruzaron a la Secretaria General de la CGT<\/a><\/p>\n<\/blockquote>\n","protected":false},"excerpt":{"rendered":"<p> La Facultad Regional San Francisco de la Universidad Tecnol\u00f3gica Nacional fue escenario de una nueva edici\u00f3n del Festival Latinoamericano de Instalaci\u00f3n de Software Libre, que se desarroll\u00f3 con una destacada convocatoria que super\u00f3 los 120 asistentes. El evento reuni\u00f3 a estudiantes, docentes, graduados y p\u00fablico interesado en el mundo de las tecnolog\u00edas abiertas, consolid\u00e1ndose como [&#8230;]<\/p>\n<p><a href=\"https:\/\/www.radioestacion.com.ar\/mas-de-120-participantes-en-el-flisol-2026-realizado-en-la-utn-san-francisco\/\">Fuente<\/a><\/p>\n","protected":false},"author":1,"featured_media":40618,"comment_status":"closed","ping_status":"closed","sticky":false,"template":"","format":"standard","meta":{"footnotes":""},"categories":[20],"tags":[],"_links":{"self":[{"href":"https:\/\/ritmocordoba.com\/index.php?rest_route=\/wp\/v2\/posts\/40617"}],"collection":[{"href":"https:\/\/ritmocordoba.com\/index.php?rest_route=\/wp\/v2\/posts"}],"about":[{"href":"https:\/\/ritmocordoba.com\/index.php?rest_route=\/wp\/v2\/types\/post"}],"author":[{"embeddable":true,"href":"https:\/\/ritmocordoba.com\/index.php?rest_route=\/wp\/v2\/users\/1"}],"replies":[{"embeddable":true,"href":"https:\/\/ritmocordoba.com\/index.php?rest_route=%2Fwp%2Fv2%2Fcomments&post=40617"}],"version-history":[{"count":0,"href":"https:\/\/ritmocordoba.com\/index.php?rest_route=\/wp\/v2\/posts\/40617\/revisions"}],"wp:featuredmedia":[{"embeddable":true,"href":"https:\/\/ritmocordoba.com\/index.php?rest_route=\/wp\/v2\/media\/40618"}],"wp:attachment":[{"href":"https:\/\/ritmocordoba.com\/index.php?rest_route=%2Fwp%2Fv2%2Fmedia&parent=40617"}],"wp:term":[{"taxonomy":"category","embeddable":true,"href":"https:\/\/ritmocordoba.com\/index.php?rest_route=%2Fwp%2Fv2%2Fcategories&post=40617"},{"taxonomy":"post_tag","embeddable":true,"href":"https:\/\/ritmocordoba.com\/index.php?rest_route=%2Fwp%2Fv2%2Ftags&post=40617"}],"curies":[{"name":"wp","href":"https:\/\/api.w.org\/{rel}","templated":true}]}}