{"id":40615,"date":"2026-04-30T00:05:12","date_gmt":"2026-04-30T00:05:12","guid":{"rendered":"https:\/\/puntal-editorialfundamento.cms.api.thinkindot.com\/c256692"},"modified":"2026-04-30T00:05:12","modified_gmt":"2026-04-30T00:05:12","slug":"tenia-solo-un-golpecito-en-la-cara-el-relato-de-la-mama-que-destapo-los-maltratos-en-un-jardin","status":"publish","type":"post","link":"https:\/\/ritmocordoba.com\/?p=40615","title":{"rendered":"&#8220;Ten\u00eda solo un golpecito en la cara&#8221;: el relato de la mam\u00e1 que destap\u00f3 los maltratos en un jard\u00edn"},"content":{"rendered":"\n<div><img decoding=\"async\" src=\"http:\/\/ritmocordoba.com\/wp-content\/uploads\/2026\/04\/tenia-solo-un-golpecito-en-la-cara-el-relato-de-la-mama-que-destapo-los-maltratos-en-un-jardin.jpg\" class=\"ff-og-image-inserted\"><\/div>\n<div class=\"cuerpo\" data-twitter-link readability=\"36\">\n<p id=\"p-1777507366500-632\" data-path-to-node=\"6\"> El calvario de Fernanda comenz\u00f3 el pasado 19 de febrero. Mientras trabajaba, recibi\u00f3 un llamado de la direcci\u00f3n del jard\u00edn para informarle que su hijo de apenas <strong data-path-to-node=\"6\" data-index-in-node=\"161\">ocho meses<\/strong> se hab\u00eda golpeado.<\/p>\n<p id=\"p-1777507366500-93279\" data-path-to-node=\"7,0\"><strong data-path-to-node=\"7,0\" data-index-in-node=\"0\">&#8220;La directora me dice que estaba todo bien, que ten\u00eda solamente un golpecito en la cara&#8221;<\/strong>, relat\u00f3 Fernanda en di\u00e1logo con <em data-path-to-node=\"7,0\" data-index-in-node=\"121\">ElDoce.tv<\/em>, exponiendo el intento de la instituci\u00f3n por minimizar lo que en realidad era una presunta agresi\u00f3n f\u00edsica.<\/p>\n<p id=\"p-1777507383736-6284\">La sospecha de la madre creci\u00f3 cuando, al enviar a la abuela del beb\u00e9 a retirarlo, la directora puso trabas para el ingreso: <em data-path-to-node=\"8\" data-index-in-node=\"125\">&#8220;Me mand\u00f3 un WhatsApp pregunt\u00e1ndome si la dejaban pasar. Cuando dije que s\u00ed, me terminaron diciendo que no, que me iban a esperar a m\u00ed&#8221;<\/em><\/p>\n<p id=\"p-1777507393805-23618\" data-path-to-node=\"10\">La contundencia de las pruebas llev\u00f3 a la <strong data-path-to-node=\"10\" data-index-in-node=\"42\">Fiscal\u00eda del Distrito III Turno 6<\/strong> a tomar medidas dr\u00e1sticas.<\/p>\n<p id=\"p-1777507398748-50280\" data-path-to-node=\"10\"><strong data-path-to-node=\"11,0,0\" data-index-in-node=\"0\">La maestra de la sala:<\/strong> Est\u00e1 detenida e imputada por <strong data-path-to-node=\"11,0,0\" data-index-in-node=\"52\">lesiones leves calificadas por alevos\u00eda reiteradas<\/strong>. La Justicia sospecha que los ataques contra los menores no fueron hechos aislados.<\/p>\n<p data-path-to-node=\"10\"><strong data-path-to-node=\"11,1,0\" data-index-in-node=\"0\">La directora del jard\u00edn:<\/strong> Fue arrestada bajo el cargo de <strong data-path-to-node=\"11,1,0\" data-index-in-node=\"56\">encubrimiento<\/strong>. Para los investigadores, la autoridad m\u00e1xima del jard\u00edn no solo sab\u00eda lo que pasaba, sino que habr\u00eda intentado ocultar las agresiones a los padres.<\/p>\n<\/div>\n","protected":false},"excerpt":{"rendered":"\n<p id=\"p-1777507335951-87190\" class=\"ignore-parser\">Tras la denuncia de Fernanda, madre de un beb\u00e9 de 8 meses, la Justicia detuvo a la maestra por lesiones con alevos\u00eda y a la directora por encubrimiento. &#8220;Me dec\u00edan que estaba todo bien&#8221;<\/p>\n","protected":false},"author":1,"featured_media":40616,"comment_status":"closed","ping_status":"closed","sticky":false,"template":"","format":"standard","meta":{"footnotes":""},"categories":[26],"tags":[],"_links":{"self":[{"href":"https:\/\/ritmocordoba.com\/index.php?rest_route=\/wp\/v2\/posts\/40615"}],"collection":[{"href":"https:\/\/ritmocordoba.com\/index.php?rest_route=\/wp\/v2\/posts"}],"about":[{"href":"https:\/\/ritmocordoba.com\/index.php?rest_route=\/wp\/v2\/types\/post"}],"author":[{"embeddable":true,"href":"https:\/\/ritmocordoba.com\/index.php?rest_route=\/wp\/v2\/users\/1"}],"replies":[{"embeddable":true,"href":"https:\/\/ritmocordoba.com\/index.php?rest_route=%2Fwp%2Fv2%2Fcomments&post=40615"}],"version-history":[{"count":0,"href":"https:\/\/ritmocordoba.com\/index.php?rest_route=\/wp\/v2\/posts\/40615\/revisions"}],"wp:featuredmedia":[{"embeddable":true,"href":"https:\/\/ritmocordoba.com\/index.php?rest_route=\/wp\/v2\/media\/40616"}],"wp:attachment":[{"href":"https:\/\/ritmocordoba.com\/index.php?rest_route=%2Fwp%2Fv2%2Fmedia&parent=40615"}],"wp:term":[{"taxonomy":"category","embeddable":true,"href":"https:\/\/ritmocordoba.com\/index.php?rest_route=%2Fwp%2Fv2%2Fcategories&post=40615"},{"taxonomy":"post_tag","embeddable":true,"href":"https:\/\/ritmocordoba.com\/index.php?rest_route=%2Fwp%2Fv2%2Ftags&post=40615"}],"curies":[{"name":"wp","href":"https:\/\/api.w.org\/{rel}","templated":true}]}}