{"id":40613,"date":"2026-04-30T00:55:31","date_gmt":"2026-04-30T00:55:31","guid":{"rendered":"http:\/\/fb456100adfa16880cfb665e17efb5c2"},"modified":"2026-04-30T00:55:31","modified_gmt":"2026-04-30T00:55:31","slug":"golpe-a-lula-el-senado-rechazo-nombrar-un-juez-para-la-corte-suprema-por-primera-vez-desde-1894","status":"publish","type":"post","link":"https:\/\/ritmocordoba.com\/?p=40613","title":{"rendered":"Golpe a Lula: el Senado rechaz\u00f3 nombrar un juez para la Corte Suprema por primera vez desde 1894"},"content":{"rendered":"\n<div class=\"media_block\"><img decoding=\"async\" src=\"http:\/\/ritmocordoba.com\/wp-content\/uploads\/2026\/04\/golpe-a-lula-el-senado-rechazo-nombrar-un-juez-para-la-corte-suprema-por-primera-vez-desde-1894.jpg\"><\/div>\n<p>&nbsp;Lula sufri\u00f3 un duro rev\u00e9s pol\u00edtico. El Senado de Brasil le rechaz\u00f3 a Lula la nominaci\u00f3n de Jorge Messias para ocupar una vacante en el Supremo Tribunal Federal, algo que no ocurr\u00eda desde 1894.<\/p>\n<p>&nbsp;La votaci\u00f3n termin\u00f3 con 42 votos en contra y 34 a favor, cuando se necesitaban al menos 41 respaldos entre los 81 senadores.&nbsp;<\/p>\n<p>Messias, de 46 a\u00f1os y actual jefe de la Abogac\u00eda General de la Uni\u00f3n (AGU), era una apuesta personal de Lula para reemplazar a Lu\u00eds Roberto Barroso, quien dej\u00f3 anticipadamente su lugar en la Corte.&nbsp;<\/p>\n<p>Sin embargo, desde el inicio su postulaci\u00f3n encontr\u00f3 fuerte resistencia dentro del Senado, especialmente por parte del presidente de la C\u00e1mara Alta, Davi Alcolumbre, que impulsaba el nombre de Rodrigo Pacheco, ex presidente del cuerpo.<\/p>\n<p><a href=\"https:\/\/www.lapoliticaonline.com\/tools\/redirect.php?t=3&amp;i=344457&amp;s=c72e06b57c883ab958b6db826ad2fd97\" class=\"link-type-content content-type-noticia-ar\">Lula encabeza la primera vuelta en Brasil pero hay empate t\u00e9cnico en el balotaje&nbsp;<\/a><\/p>\n<p>La Comisi\u00f3n de Constituci\u00f3n y Justicia (CCJ) hab\u00eda logrado una aprobaci\u00f3n ajustada -16 votos a 11-, sin embargo, el pleno del Senado termin\u00f3 rechaz\u00e1ndolo en voto secreto.&nbsp;<\/p>\n<p>Tras esta derrota, el gobierno de Lula despleg\u00f3 una intensa operaci\u00f3n pol\u00edtica para salvar la nominaci\u00f3n, pero no alcanz\u00f3. Reuters destac\u00f3 que Lula se convirti\u00f3 as\u00ed en el primer presidente brasile\u00f1o en m\u00e1s de un siglo en ver caer a su candidato para la m\u00e1xima corte por decisi\u00f3n del Congreso.&nbsp;<\/p>\n<figure class=\"vsmimage\" contenteditable=\"false\"><img loading=\"lazy\" decoding=\"async\" alt=\"Jorge Messias,\" data-vsmid=\"285927\" data-owidth=\"2400\" data-oheight=\"1600\" src=\"data:image\/png;base64,iVBORw0KGgoAAAANSUhEUgAAAx4AAAIOAQMAAAAMVUlSAAAAA1BMVEUAAACnej3aAAAAAXRSTlMAQObYZgAAAElJREFUeJztwQEBAAAAgiD\/r25IQAEAAAAAAAAAAAAAAAAAAAAAAAAAAAAAAAAAAAAAAAAAAAAAAAAAAAAAAAAAAAAAAAAAAPBjz4YAAXoxaWgAAAAASUVORK5CYII=\" vsmidos=\"1\" vsmsrc=\"\/files\/image\/285\/285927\/69f2ac318b5b0_798_526!.jpg?s=5589e826258acfd994cead96e99e7836&amp;d=1777511475\" width=\"798\" height=\"526\" contenteditable=\"false\"><\/figure>\n<p>El episodio tambi\u00e9n refleja la creciente tensi\u00f3n entre el Ejecutivo, el Legislativo y el propio STF y fue utilizado por la oposici\u00f3n bolsonarista como una ofensiva pol\u00edtica contra el m\u00e1ximo tribunal y el Gobierno a quien acusan de haber pactado para encarcelar a Jair Bolsonaro en medio de un clima preelectoral cada vez m\u00e1s polarizado. &nbsp;<\/p>\n<p class=\"authorquote\">Tras esta derrota, el gobierno de Lula despleg\u00f3 una intensa operaci\u00f3n pol\u00edtica para salvar la nominaci\u00f3n, pero no alcanz\u00f3. Reuters destac\u00f3 que Lula se convirti\u00f3 as\u00ed en el primer presidente brasile\u00f1o en m\u00e1s de un siglo en ver caer a su candidato para la m\u00e1xima corte por decisi\u00f3n del Congreso.<\/p>\n<p>Los senadores bolsonaristas plantearon &nbsp;postergar la cobertura de la vacante con la expectativa de una eventual victoria de la derecha en las presidenciales de octubre pero finalmente el l\u00edder brasile\u00f1o tendr\u00e1 que presentar otro nombre.&nbsp;<\/p>\n<p><a href=\"https:\/\/www.lapoliticaonline.com\/tools\/redirect.php?t=3&amp;i=342873&amp;s=583acb1dbf3d97e1d17c73a588385dd6\" class=\"link-type-content content-type-noticia-ar\">Preocupaci\u00f3n en el gobierno de Lula porque el endeudamiento de las familias en Brasil frena el crecimiento en las encuestas&nbsp;<\/a><\/p>\n<p>De esta manera, para Lula, el impacto va m\u00e1s all\u00e1 del rev\u00e9s institucional sino expone una p\u00e9rdida de capacidad de negociaci\u00f3n en el Senado y fortalece a figuras de la oposici\u00f3n como Fl\u00e1vio Bolsonaro en la pelea por la presidencia que tendr\u00e1 lugar en octubre.<\/p>\n<p>Fuentes del gobierno de brasile\u00f1o afirmaron a LPO que la relaci\u00f3n con el Senado est\u00e1 rota pero no descartan que Lula termine impulsando a Rodrigo Pacheco que, parad\u00f3jicamente, es el candidato a gobernador del l\u00edder del Partido de los Trabajadores para la gobernaci\u00f3n de Minas Gerais.<\/p>\n","protected":false},"excerpt":{"rendered":"\n<div class=\"media_block\"><img decoding=\"async\" src=\"http:\/\/ritmocordoba.com\/wp-content\/uploads\/2026\/04\/golpe-a-lula-el-senado-rechazo-nombrar-un-juez-para-la-corte-suprema-por-primera-vez-desde-1894.jpg\"><\/div>\n<p>Es una derrota pol\u00edtica para Lula por la que decidi\u00f3 romper con el presidente del Senado, David Alcolumbre.  <\/p>\n","protected":false},"author":1,"featured_media":40614,"comment_status":"closed","ping_status":"closed","sticky":false,"template":"","format":"standard","meta":{"footnotes":""},"categories":[26],"tags":[],"_links":{"self":[{"href":"https:\/\/ritmocordoba.com\/index.php?rest_route=\/wp\/v2\/posts\/40613"}],"collection":[{"href":"https:\/\/ritmocordoba.com\/index.php?rest_route=\/wp\/v2\/posts"}],"about":[{"href":"https:\/\/ritmocordoba.com\/index.php?rest_route=\/wp\/v2\/types\/post"}],"author":[{"embeddable":true,"href":"https:\/\/ritmocordoba.com\/index.php?rest_route=\/wp\/v2\/users\/1"}],"replies":[{"embeddable":true,"href":"https:\/\/ritmocordoba.com\/index.php?rest_route=%2Fwp%2Fv2%2Fcomments&post=40613"}],"version-history":[{"count":0,"href":"https:\/\/ritmocordoba.com\/index.php?rest_route=\/wp\/v2\/posts\/40613\/revisions"}],"wp:featuredmedia":[{"embeddable":true,"href":"https:\/\/ritmocordoba.com\/index.php?rest_route=\/wp\/v2\/media\/40614"}],"wp:attachment":[{"href":"https:\/\/ritmocordoba.com\/index.php?rest_route=%2Fwp%2Fv2%2Fmedia&parent=40613"}],"wp:term":[{"taxonomy":"category","embeddable":true,"href":"https:\/\/ritmocordoba.com\/index.php?rest_route=%2Fwp%2Fv2%2Fcategories&post=40613"},{"taxonomy":"post_tag","embeddable":true,"href":"https:\/\/ritmocordoba.com\/index.php?rest_route=%2Fwp%2Fv2%2Ftags&post=40613"}],"curies":[{"name":"wp","href":"https:\/\/api.w.org\/{rel}","templated":true}]}}