{"id":40611,"date":"2026-04-29T11:29:19","date_gmt":"2026-04-29T11:29:19","guid":{"rendered":"http:\/\/69f1eb01dd0930994c782ff5"},"modified":"2026-04-29T11:29:19","modified_gmt":"2026-04-29T11:29:19","slug":"hay-nueva-fecha-de-llenate-el-mate-de-rock-el-3-de-mayo-mira-las-bandas","status":"publish","type":"post","link":"https:\/\/ritmocordoba.com\/?p=40611","title":{"rendered":"Hay nueva fecha de Llenate el Mate de Rock el 3 de mayo: mir\u00e1 las bandas"},"content":{"rendered":"\n<div class=\"media_block\"><img decoding=\"async\" src=\"http:\/\/ritmocordoba.com\/wp-content\/uploads\/2026\/04\/hay-nueva-fecha-de-llenate-el-mate-de-rock-el-3-de-mayo-mira-las-bandas.jpg\"><\/div>\n<p><tadevel-ad sizes=\"336x280-300x300-300x250-300x200-300x100, 728x90-336x280-300x300-300x250-300x200-300x100 1024w\" slot-id=\"article-content-01\"><\/tadevel-ad><\/p>\n<p>El pr\u00f3ximo <strong>domingo 3 de mayo<\/strong>, <strong>a partir de las 16<\/strong>, se llevar\u00e1 a cabo en San Francisco la quinta fecha del ciclo 2026 de <strong>\u201cLlenate el Mate de Rock\u201d<\/strong>, una propuesta cultural que transita su 11\u00aa edici\u00f3n.<\/p>\n<p>El encuentro ser\u00e1 en la <strong>Plazoleta Villafa\u00f1e <\/strong>y contar\u00e1 con la presentaci\u00f3n de las bandas <strong>Gardy Loo<\/strong>, <strong>Britannia<\/strong>,<strong> Lemuria <\/strong>y <strong>La Tribu<\/strong>.<\/p>\n<p>La propuesta reunir\u00e1 m\u00fasica en vivo, al aire libre, en un espacio pensado para compartir en comunidad.<\/p>\n<p><tadevel-ad sizes=\"336x280-300x300-300x250-300x200-300x100, 728x90-336x280-300x300-300x250-300x200-300x100 1024w\" slot-id=\"article-content-02\"><\/tadevel-ad><\/p>\n<figure class=\"multimedia\" data-tadevel-template=\"web\/multimedia\" data-type=\"photo\">\n<div class=\"content\">\n<div class=\"sizer\" data-sizer=\"aspect-ratio\" data-tadevel-template=\"web\/aspect-ratio\"><picture data-tadevel-template=\"web\/picture\"><source sizes=\"(min-device-width: 768px) 768px, 200px\" srcset=\"http:\/\/ritmocordoba.com\/wp-content\/uploads\/2026\/04\/hay-nueva-fecha-de-llenate-el-mate-de-rock-el-3-de-mayo-mira-las-bandas.webp 135w, http:\/\/ritmocordoba.com\/wp-content\/uploads\/2026\/04\/hay-nueva-fecha-de-llenate-el-mate-de-rock-el-3-de-mayo-mira-las-bandas-1.webp 270w, https:\/\/periodico-assets.tadevel-cdn.com\/69f1eb3add0930994c7833a5\/720.webp 540w\" type=\"image\/webp\"><source sizes=\"(min-device-width: 768px) 768px, 200px\" srcset=\"https:\/\/periodico-assets.tadevel-cdn.com\/69f1eb3add0930994c7833a5\/720.jpeg 540w\" type=\"image\/jpeg\"><img alt=\"Hay nueva fecha de Llenate el Mate de Rock el 3 de mayo: mir\u00e1 las bandas\" loading=\"lazy\"><x-picture-helper><\/x-picture-helper><\/picture><\/div>\n<\/div>\n<\/figure>\n<p><tadevel-ad sizes=\"336x280-300x300-300x250-300x200-300x100, 728x90-336x280-300x300-300x250-300x200-300x100 1024w\" slot-id=\"article-content-03\"><\/tadevel-ad> <\/p>\n","protected":false},"excerpt":{"rendered":"\n<div class=\"media_block\"><img decoding=\"async\" src=\"http:\/\/ritmocordoba.com\/wp-content\/uploads\/2026\/04\/hay-nueva-fecha-de-llenate-el-mate-de-rock-el-3-de-mayo-mira-las-bandas.jpg\"><\/div>\n<p>El ciclo cultural realizar\u00e1 su quinta jornada de 2026 el pr\u00f3ximo domingo 3 de mayo, desde las 16, en la Plazoleta Villafa\u00f1e.  <\/p>\n","protected":false},"author":1,"featured_media":40612,"comment_status":"closed","ping_status":"closed","sticky":false,"template":"","format":"standard","meta":{"footnotes":""},"categories":[19],"tags":[],"_links":{"self":[{"href":"https:\/\/ritmocordoba.com\/index.php?rest_route=\/wp\/v2\/posts\/40611"}],"collection":[{"href":"https:\/\/ritmocordoba.com\/index.php?rest_route=\/wp\/v2\/posts"}],"about":[{"href":"https:\/\/ritmocordoba.com\/index.php?rest_route=\/wp\/v2\/types\/post"}],"author":[{"embeddable":true,"href":"https:\/\/ritmocordoba.com\/index.php?rest_route=\/wp\/v2\/users\/1"}],"replies":[{"embeddable":true,"href":"https:\/\/ritmocordoba.com\/index.php?rest_route=%2Fwp%2Fv2%2Fcomments&post=40611"}],"version-history":[{"count":0,"href":"https:\/\/ritmocordoba.com\/index.php?rest_route=\/wp\/v2\/posts\/40611\/revisions"}],"wp:featuredmedia":[{"embeddable":true,"href":"https:\/\/ritmocordoba.com\/index.php?rest_route=\/wp\/v2\/media\/40612"}],"wp:attachment":[{"href":"https:\/\/ritmocordoba.com\/index.php?rest_route=%2Fwp%2Fv2%2Fmedia&parent=40611"}],"wp:term":[{"taxonomy":"category","embeddable":true,"href":"https:\/\/ritmocordoba.com\/index.php?rest_route=%2Fwp%2Fv2%2Fcategories&post=40611"},{"taxonomy":"post_tag","embeddable":true,"href":"https:\/\/ritmocordoba.com\/index.php?rest_route=%2Fwp%2Fv2%2Ftags&post=40611"}],"curies":[{"name":"wp","href":"https:\/\/api.w.org\/{rel}","templated":true}]}}