{"id":40596,"date":"2026-04-29T02:19:52","date_gmt":"2026-04-29T02:19:52","guid":{"rendered":"https:\/\/www.radioestacion.com.ar\/?p=403785"},"modified":"2026-04-29T02:19:52","modified_gmt":"2026-04-29T02:19:52","slug":"la-asistencia-publica-comenzo-el-programa-invierno-protegido","status":"publish","type":"post","link":"https:\/\/ritmocordoba.com\/?p=40596","title":{"rendered":"La Asistencia P\u00fablica comenz\u00f3 el programa \u00abInvierno Protegido\u00bb"},"content":{"rendered":"<br \/>\n<h3 data-path-to-node=\"4\">La Secretar\u00eda de Salud lanz\u00f3 la campa\u00f1a para la cepa 2026. Con horarios extendidos y atenci\u00f3n directamente en los veh\u00edculos para personas con movilidad reducida, buscando cubrir a toda la poblaci\u00f3n de riesgo.<\/h3>\n<p data-path-to-node=\"5\"><span data-path-to-node=\"5,0\">La noche de este martes se vivi\u00f3 con un movimiento distinto en la <b data-path-to-node=\"5,0\" data-index-in-node=\"86\">Asistencia P\u00fablica<\/b>. <\/span><span data-path-to-node=\"5,2\"><span class=\"citation-193\">Bajo el lema <strong><em>\u00abInvierno Protegido\u00bb<\/em><\/strong>, las autoridades de salud locales pusieron en marcha un operativo integral para aplicar la <\/span><b data-path-to-node=\"5,2\" data-index-in-node=\"125\"><span class=\"citation-193\">vacuna antigripal cepa 2026<\/span><\/b><\/span><span data-path-to-node=\"5,4\">.<\/span><\/p>\n<div class=\"source-inline-chip-container ng-star-inserted\"><img fetchpriority=\"high\" decoding=\"async\" class=\"alignnone size-full wp-image-403786\" src=\"http:\/\/ritmocordoba.com\/wp-content\/uploads\/2026\/04\/la-asistencia-publica-comenzo-el-programa-invierno-protegido.jpg\" alt=\"WhatsApp Image 2026 04 28 at 22.32.11\" width=\"1600\" height=\"900\" srcset=\"http:\/\/ritmocordoba.com\/wp-content\/uploads\/2026\/04\/la-asistencia-publica-comenzo-el-programa-invierno-protegido.jpg 1600w, http:\/\/ritmocordoba.com\/wp-content\/uploads\/2026\/04\/la-asistencia-publica-comenzo-el-programa-invierno-protegido-2.jpg 768w, https:\/\/www.radioestacion.com.ar\/wp-content\/uploads\/2026\/04\/WhatsApp-Image-2026-04-28-at-22.32.11-1536x864.jpeg 1536w\" sizes=\"(max-width: 1600px) 100vw, 1600px\"><\/div>\n<p data-path-to-node=\"6\"><span data-path-to-node=\"6,1\"><span class=\"citation-192\">La Directora de Salud, <\/span><b data-path-to-node=\"6,1\" data-index-in-node=\"23\"><span class=\"citation-192\">Anal\u00eda Pagliano<\/span><\/b><span class=\"citation-192\">, destac\u00f3 que la jornada, que se extendi\u00f3 hasta las 21:30 hs, cont\u00f3 con una gran parte del personal de la Secretar\u00eda<\/span><\/span><span data-path-to-node=\"6,3\">. <\/span><span data-path-to-node=\"6,5\"><span class=\"citation-191\">El objetivo es claro, un abordaje territorial y equitativo para <strong>que la salud sea un derecho accesible para todos los vecinos<\/strong><\/span><\/span><strong>.<\/strong><\/p>\n<h4 data-path-to-node=\"7\">\u00bfQui\u00e9nes deben vacunarse?<\/h4>\n<p data-path-to-node=\"8\"><span data-path-to-node=\"8,1\"><span class=\"citation-190\">La Licenciada <\/span><b data-path-to-node=\"8,1\" data-index-in-node=\"14\"><span class=\"citation-190\">Pamela Barbero<\/span><\/b><span class=\"citation-190\"> detall\u00f3 los grupos etarios prioritarios para esta campa\u00f1a<\/span><\/span><span data-path-to-node=\"8,3\">:<\/span><\/p>\n<ul data-path-to-node=\"9\">\n<li>\n<p data-path-to-node=\"9,0,1\"><span data-path-to-node=\"9,0,1,0\"><b data-path-to-node=\"9,0,1,0\" data-index-in-node=\"0\"><span class=\"citation-189\">Ni\u00f1os:<\/span><\/b><span class=\"citation-189\"> de 6 a 24 meses (vacunas pedi\u00e1tricas)<\/span><\/span><span data-path-to-node=\"9,0,1,2\">.<\/span><\/p>\n<\/li>\n<li>\n<p data-path-to-node=\"9,1,1\"><span data-path-to-node=\"9,1,1,0\"><b data-path-to-node=\"9,1,1,0\" data-index-in-node=\"0\"><span class=\"citation-188\">Adultos de 3 a 64 a\u00f1os:<\/span><\/b><span class=\"citation-188\"> con la correspondiente indicaci\u00f3n m\u00e9dica<\/span><\/span><span data-path-to-node=\"9,1,1,2\">.<\/span><\/p>\n<\/li>\n<li>\n<p data-path-to-node=\"9,2,1\"><span data-path-to-node=\"9,2,1,0\"><b data-path-to-node=\"9,2,1,0\" data-index-in-node=\"0\"><span class=\"citation-187\">Mayores de 65 a\u00f1os:<\/span><\/b><span class=\"citation-187\"> sin necesidad de orden previa<\/span><\/span><span data-path-to-node=\"9,2,1,2\">.<\/span><\/p>\n<\/li>\n<\/ul>\n<p><img loading=\"lazy\" decoding=\"async\" class=\"alignnone size-full wp-image-403787\" src=\"http:\/\/ritmocordoba.com\/wp-content\/uploads\/2026\/04\/la-asistencia-publica-comenzo-el-programa-invierno-protegido-1.jpg\" alt=\"WhatsApp Image 2026 04 28 at 22.32.10\" width=\"1600\" height=\"900\" srcset=\"http:\/\/ritmocordoba.com\/wp-content\/uploads\/2026\/04\/la-asistencia-publica-comenzo-el-programa-invierno-protegido-1.jpg 1600w, http:\/\/ritmocordoba.com\/wp-content\/uploads\/2026\/04\/la-asistencia-publica-comenzo-el-programa-invierno-protegido-3.jpg 768w, https:\/\/www.radioestacion.com.ar\/wp-content\/uploads\/2026\/04\/WhatsApp-Image-2026-04-28-at-22.32.10-1536x864.jpeg 1536w\" sizes=\"(max-width: 1600px) 100vw, 1600px\"><\/p>\n<p data-path-to-node=\"11\"><span data-path-to-node=\"11,1\"><span class=\"citation-186\">Una de las grandes novedades de este a\u00f1o es la incorporaci\u00f3n de un <\/span><b data-path-to-node=\"11,1\" data-index-in-node=\"67\"><span class=\"citation-186\">lector de DNI<\/span><\/b><span class=\"citation-186\">, lo que permite una toma de datos much\u00edsimo m\u00e1s \u00e1gil y evita las largas esperas<\/span><\/span><span data-path-to-node=\"11,3\">.<\/span><\/p>\n<blockquote>\n<p data-path-to-node=\"12\"><span data-path-to-node=\"12,0\">Adem\u00e1s, se reforz\u00f3 el sistema <b data-path-to-node=\"12,0\" data-index-in-node=\"30\">Autovac<\/b>. <\/span><span data-path-to-node=\"12,2\"><span class=\"citation-185\">Pensando en aquellos vecinos con movilidad reducida, el equipo de salud se acerca directamente al autom\u00f3vil para aplicar la dosis, asegurando una accesibilidad total<\/span><\/span><span data-path-to-node=\"12,4\">.<\/span><\/p>\n<\/blockquote>\n<div class=\"source-inline-chip-container ng-star-inserted\">Estas innovaciones, sumado a la divisi\u00f3n de habitaciones por colores (blanco, amarillo, azul y verde) dependiendo las condiciones de los pacientes, permitieron una rapidez y organizaci\u00f3n m\u00e1s que ejemplar para no robarles mucho tiempo a los vecinos, principalmente los de la tercera edad que fueron a ponerse su dosis.<\/div>\n<div class=\"source-inline-chip-container ng-star-inserted\">Ante la duda de como seguir\u00e1n las asistencias, Barbero explic\u00f3, <em>\u00abdejarles tranquilidad que va a seguir habiendo vacunas para lo que queda de la semana y que se van a seguir recibiendo tambi\u00e9n si no pudieron venir a esta jornada\u00bb<\/em>, agregando <em>\u00abvan a haber en los centros de salud perif\u00e9ricos de los barrios y ac\u00e1 en la asistencia tambi\u00e9n\u00bb<\/em>.<\/div>\n<div>Junto a la Licenciado y la Directora, estuvo <strong>Nery Zupel<\/strong>, coordinador m\u00e9dico, que complement\u00f3 la informaci\u00f3n:<\/div>\n<blockquote>\n<div><em>\u00abel horario de vacunaci\u00f3n de los centros vecinales es de 7 de la ma\u00f1ana a 12 del mediod\u00eda, generalmente en los CAPs, y ac\u00e1 en la asistencia p\u00fablica mismo horario matutino y de 14 a 19, esos son los horarios que van a haber todos los d\u00edas para vacunaci\u00f3n de calendario y vacunaci\u00f3n antigripal\u00bb.<\/em><\/div>\n<\/blockquote>\n<div><img loading=\"lazy\" decoding=\"async\" class=\"alignnone size-full wp-image-403789\" src=\"http:\/\/ritmocordoba.com\/wp-content\/uploads\/2026\/04\/la-asistencia-publica-comenzo-el-programa-invierno-protegido.png\" alt=\"RE 102.5 (50)\" width=\"1920\" height=\"1080\" srcset=\"http:\/\/ritmocordoba.com\/wp-content\/uploads\/2026\/04\/la-asistencia-publica-comenzo-el-programa-invierno-protegido.png 1920w, http:\/\/ritmocordoba.com\/wp-content\/uploads\/2026\/04\/la-asistencia-publica-comenzo-el-programa-invierno-protegido-1.png 768w, https:\/\/www.radioestacion.com.ar\/wp-content\/uploads\/2026\/04\/RE-102.5-50-1536x864.png 1536w\" sizes=\"(max-width: 1920px) 100vw, 1920px\"><\/div>\n<p data-path-to-node=\"16\">Estas iniciativas acercan la prevenci\u00f3n al vecino. Vacunarse no es solo un acto individual, es cuidar a los que tenemos al lado. Aprovechen los horarios extendidos y los centros en los barrios para estar protegidos antes de que lleguen los primeros fr\u00edos fuertes.<\/p>\n<blockquote class=\"wp-embedded-content\" data-secret=\"z3me2RaaSu\">\n<p><a href=\"https:\/\/www.radioestacion.com.ar\/con-invierno-protegido-se-realizara-una-jornada-de-vacunacion-antigripal\/\">Con \u201cInvierno protegido\u201d se realizar\u00e1 una jornada de vacunaci\u00f3n antigripal<\/a><\/p>\n<\/blockquote>\n<blockquote class=\"wp-embedded-content\" data-secret=\"9ar7UmorIE\">\n<p><a href=\"https:\/\/www.radioestacion.com.ar\/la-municipalidad-dicta-taller-de-orientacion-laboral\/\">La Municipalidad dicta taller de orientaci\u00f3n laboral<\/a><\/p>\n<\/blockquote>\n<blockquote class=\"wp-embedded-content\" data-secret=\"HJWCVDD5yz\">\n<p><a href=\"https:\/\/www.radioestacion.com.ar\/bernarte-recorrio-el-taller-sentidos-y-destaco-el-proyecto-de-inclusion-laboral\/\">Bernarte recorri\u00f3 el Taller Sentidos y destac\u00f3 el proyecto de inclusi\u00f3n laboral<\/a><\/p>\n<\/blockquote>\n","protected":false},"excerpt":{"rendered":"<p> La Secretar\u00eda de Salud lanz\u00f3 la campa\u00f1a para la cepa 2026. Con horarios extendidos y atenci\u00f3n directamente en los veh\u00edculos para personas con movilidad reducida, buscando cubrir a toda la poblaci\u00f3n de riesgo. La noche de este martes se vivi\u00f3 con un movimiento distinto en la Asistencia P\u00fablica. Bajo el lema \u00abInvierno Protegido\u00bb, las autoridades [&#8230;]<\/p>\n<p><a href=\"https:\/\/www.radioestacion.com.ar\/la-asistencia-publica-comenzo-el-programa-invierno-protegido\/\">Fuente<\/a><\/p>\n","protected":false},"author":1,"featured_media":40597,"comment_status":"closed","ping_status":"closed","sticky":false,"template":"","format":"standard","meta":{"footnotes":""},"categories":[20],"tags":[],"_links":{"self":[{"href":"https:\/\/ritmocordoba.com\/index.php?rest_route=\/wp\/v2\/posts\/40596"}],"collection":[{"href":"https:\/\/ritmocordoba.com\/index.php?rest_route=\/wp\/v2\/posts"}],"about":[{"href":"https:\/\/ritmocordoba.com\/index.php?rest_route=\/wp\/v2\/types\/post"}],"author":[{"embeddable":true,"href":"https:\/\/ritmocordoba.com\/index.php?rest_route=\/wp\/v2\/users\/1"}],"replies":[{"embeddable":true,"href":"https:\/\/ritmocordoba.com\/index.php?rest_route=%2Fwp%2Fv2%2Fcomments&post=40596"}],"version-history":[{"count":0,"href":"https:\/\/ritmocordoba.com\/index.php?rest_route=\/wp\/v2\/posts\/40596\/revisions"}],"wp:featuredmedia":[{"embeddable":true,"href":"https:\/\/ritmocordoba.com\/index.php?rest_route=\/wp\/v2\/media\/40597"}],"wp:attachment":[{"href":"https:\/\/ritmocordoba.com\/index.php?rest_route=%2Fwp%2Fv2%2Fmedia&parent=40596"}],"wp:term":[{"taxonomy":"category","embeddable":true,"href":"https:\/\/ritmocordoba.com\/index.php?rest_route=%2Fwp%2Fv2%2Fcategories&post=40596"},{"taxonomy":"post_tag","embeddable":true,"href":"https:\/\/ritmocordoba.com\/index.php?rest_route=%2Fwp%2Fv2%2Ftags&post=40596"}],"curies":[{"name":"wp","href":"https:\/\/api.w.org\/{rel}","templated":true}]}}