{"id":40593,"date":"2026-04-28T23:46:00","date_gmt":"2026-04-28T23:46:00","guid":{"rendered":"https:\/\/puntal-editorialfundamento.cms.api.thinkindot.com\/c256610"},"modified":"2026-04-28T23:46:00","modified_gmt":"2026-04-28T23:46:00","slug":"el-reencuentro-mas-esperado-alejandro-roca-se-movilizo-para-recibir-al-pequeno-lazaro","status":"publish","type":"post","link":"https:\/\/ritmocordoba.com\/?p=40593","title":{"rendered":"El reencuentro m\u00e1s esperado: Alejandro Roca se moviliz\u00f3 para recibir al peque\u00f1o L\u00e1zaro"},"content":{"rendered":"\n<div><img decoding=\"async\" src=\"http:\/\/ritmocordoba.com\/wp-content\/uploads\/2026\/04\/el-reencuentro-mas-esperado-alejandro-roca-se-movilizo-para-recibir-al-pequeno-lazaro.png\" class=\"ff-og-image-inserted\"><\/div>\n<div class=\"cuerpo\" data-twitter-link readability=\"21.366863905325\">\n<p id=\"p-1777419909556-45780\" data-path-to-node=\"4\">Tras atravesar un delicado problema de salud que lo mantuvo alejado de su hogar, el peque\u00f1o regres\u00f3 a la localidad y se encontr\u00f3 con una sorpresa que dif\u00edcilmente su familia pueda olvidar. Una extensa fila de autos, un concierto de bocinazos y aplausos cerrados marcaron el ritmo de una bienvenida que conmovi\u00f3 a todo el pueblo<\/p>\n<p id=\"p-1777419922995-38964\">M\u00e1s all\u00e1 de la alegr\u00eda por la salud de L\u00e1zaro, la movilizaci\u00f3n fue un mensaje directo de acompa\u00f1amiento para su familia, quienes agradecieron profundamente el gesto de los vecinos. El reencuentro no solo marc\u00f3 el fin de una etapa dif\u00edcil, sino el inicio de una nueva etapa rodeados del cari\u00f1o de su gente.<\/p>\n<p id=\"p-1777419922995-21001\" data-path-to-node=\"10\"><strong data-path-to-node=\"10\" data-index-in-node=\"0\">\u00a1Bienvenido a casa, L\u00e1zaro!<\/strong> La comunidad de Alejandro Roca celebra tu fortaleza y tu regreso.<\/p>\n<\/p><\/div>\n","protected":false},"excerpt":{"rendered":"\n<p id=\"p-1777419885373-92561\" class=\"ignore-parser\">\u00a1Bienvenido a casa, L\u00e1zaro!, asi lo recibi\u00f3 la comunidad de Alejandro Roca<\/p>\n","protected":false},"author":1,"featured_media":40594,"comment_status":"closed","ping_status":"closed","sticky":false,"template":"","format":"standard","meta":{"footnotes":""},"categories":[26],"tags":[],"_links":{"self":[{"href":"https:\/\/ritmocordoba.com\/index.php?rest_route=\/wp\/v2\/posts\/40593"}],"collection":[{"href":"https:\/\/ritmocordoba.com\/index.php?rest_route=\/wp\/v2\/posts"}],"about":[{"href":"https:\/\/ritmocordoba.com\/index.php?rest_route=\/wp\/v2\/types\/post"}],"author":[{"embeddable":true,"href":"https:\/\/ritmocordoba.com\/index.php?rest_route=\/wp\/v2\/users\/1"}],"replies":[{"embeddable":true,"href":"https:\/\/ritmocordoba.com\/index.php?rest_route=%2Fwp%2Fv2%2Fcomments&post=40593"}],"version-history":[{"count":0,"href":"https:\/\/ritmocordoba.com\/index.php?rest_route=\/wp\/v2\/posts\/40593\/revisions"}],"wp:featuredmedia":[{"embeddable":true,"href":"https:\/\/ritmocordoba.com\/index.php?rest_route=\/wp\/v2\/media\/40594"}],"wp:attachment":[{"href":"https:\/\/ritmocordoba.com\/index.php?rest_route=%2Fwp%2Fv2%2Fmedia&parent=40593"}],"wp:term":[{"taxonomy":"category","embeddable":true,"href":"https:\/\/ritmocordoba.com\/index.php?rest_route=%2Fwp%2Fv2%2Fcategories&post=40593"},{"taxonomy":"post_tag","embeddable":true,"href":"https:\/\/ritmocordoba.com\/index.php?rest_route=%2Fwp%2Fv2%2Ftags&post=40593"}],"curies":[{"name":"wp","href":"https:\/\/api.w.org\/{rel}","templated":true}]}}