{"id":40589,"date":"2026-04-27T19:02:52","date_gmt":"2026-04-27T19:02:52","guid":{"rendered":"http:\/\/69efad7c1d4524a7be41a71f"},"modified":"2026-04-27T19:02:52","modified_gmt":"2026-04-27T19:02:52","slug":"sigue-el-ciclo-en-voz-baja-en-el-teatrillo-con-la-presentacion-de-yanina-maretto","status":"publish","type":"post","link":"https:\/\/ritmocordoba.com\/?p=40589","title":{"rendered":"Sigue el ciclo \u201cEn voz baja\u201d en el Teatrillo con la presentaci\u00f3n de Yanina Maretto"},"content":{"rendered":"\n<div class=\"media_block\"><img decoding=\"async\" src=\"http:\/\/ritmocordoba.com\/wp-content\/uploads\/2026\/04\/sigue-el-ciclo-en-voz-baja-en-el-teatrillo-con-la-presentacion-de-yanina-maretto.jpg\"><\/div>\n<div><img decoding=\"async\" src=\"https:\/\/periodico-app.tadevel-cdn.com\/hostname\/el-periodico.com.ar\/api\/v1\/image\/article\/69efad7c1d4524a7be41a71f\/facebook?v=796ca20c23e3ee8c2ec8ce0537e26842&amp;s=c26f659d32f2423b9d5d53230e46d5c6\" class=\"ff-og-image-inserted\"><\/div>\n<p><tadevel-ad sizes=\"336x280-300x300-300x250-300x200-300x100, 728x90-336x280-300x300-300x250-300x200-300x100 1024w\" slot-id=\"article-content-01\"><\/tadevel-ad><\/p>\n<p><strong>Este jueves se realizar\u00e1 una nueva edici\u00f3n del ciclo \u201cEn Voz Baja&#8221; (Edici\u00f3n Danza) con la presentaci\u00f3n de destacada bailarina Yanina Maretto<\/strong>, quien ofrecer\u00e1 un formato \u00edntimo que combina danza en vivo y conversaci\u00f3n. El espect\u00e1culo iniciar\u00e1 a las 21.&nbsp;<\/p>\n<p><span>Maretto es una destacada bailarina y artista esc\u00e9nica de San Francisco con una amplia trayectoria en danza espa\u00f1ola, flamenco y teatro, formada desde muy temprana edad. Ha participado en importantes cert\u00e1menes y festivales a nivel nacional e internacional, obteniendo reconocimientos como mejor bailarina y maestra preparadora, y formando parte de diversas obras teatrales y producciones art\u00edsticas. Adem\u00e1s, impulsa proyectos propios como el certamen \u201cArte y Pasi\u00f3n Danzas\u201d y espect\u00e1culos de tablao flamenco.&nbsp;<\/span><\/p>\n<p><tadevel-ad sizes=\"336x280-300x300-300x250-300x200-300x100, 728x90-336x280-300x300-300x250-300x200-300x100 1024w\" slot-id=\"article-content-02\"><\/tadevel-ad><\/p>\n<p><span>\u201cEn Voz Baja\u201d es un ciclo producido por Spot Experiencias Art\u00edsticas que propone encuentros cercanos con artistas locales en un clima de charla y m\u00fasica.&nbsp;<\/span><\/p>\n<p><span>Las entradas son con cupos limitados y se pueden adquirir a trav\u00e9s de la plataforma Platea Vip (www.plateavip.com.ar) o en la boleter\u00eda del teatro, 9 de Julio 1167, de martes a viernes de 19:00 a 21:00 horas y los fines de semana en el horario de las funciones. Reservas al (3564) 590390.<\/span><\/p>\n<p><tadevel-ad sizes=\"336x280-300x300-300x250-300x200-300x100, 728x90-336x280-300x300-300x250-300x200-300x100 1024w\" slot-id=\"article-content-03\"><\/tadevel-ad><\/p>\n<h4><span>Se presenta la obra \u201cUna clase especial\u201d<\/span><\/h4>\n<p><span>El s\u00e1bado 2 de mayo a las 21 se presentar\u00e1 \u201cUna clase especial\u201d, una comedia protagonizada por Dami\u00e1n De Santo y Christian Sancho y escrita por Daniel D\u00e1tola.&nbsp;<\/span><\/p>\n<p><span>Lalo, un hombre introvertido, inseguro, fuera de \u00e9poca, acaba de ser abandonado por su esposa despu\u00e9s de muchos a\u00f1os de matrimonio, pero est\u00e1 dispuesto a todo con tal de volver al ruedo.<\/span><\/p>\n<p><span>Para lograrlo contrata una clase con Leo &#8211; un reconocido maestro en seducci\u00f3n, gal\u00e1n, mujeriego, carism\u00e1tico, manipulador y autoproclamado el rey de la conquista, que necesita dinero y decide aprovechar su experiencia dando clases de seducci\u00f3n en su departamento. Leo ve en Lalo una presa desesperada a quien ser\u00e1 f\u00e1cil quitarle dinero, pero Lalo resulta un hueso dif\u00edcil de roer.<\/span><\/p>\n<p><tadevel-ad sizes=\"336x280-300x300-300x250-300x200-300x100, 728x90-336x280-300x300-300x250-300x200-300x100 1024w\" slot-id=\"article-content-04\"><\/tadevel-ad><\/p>\n<p><span>A lo largo de esta clase, alumno y maestro explorar\u00e1n juntos el enga\u00f1o, el abandono, la venganza, las relaciones y los recovecos de la mente masculina. Pero poco a poco la clase se ir\u00e1 complicando, Leo recibe una llamada que lo altera todo, los roles se invierten y el alumno ahora supera al maestro y as\u00ed las risas y la comedia van creciendo en una clase donde no todo es lo que parece porque claramente el amor no se puede estudiar.<\/span><\/p>\n<p><tadevel-ad sizes=\"336x280-300x300-300x250-300x200-300x100, 728x90-336x280-300x300-300x250-300x200-300x100 1024w\" slot-id=\"article-content-05\"><\/tadevel-ad> <\/p>\n","protected":false},"excerpt":{"rendered":"\n<div class=\"media_block\"><img decoding=\"async\" src=\"http:\/\/ritmocordoba.com\/wp-content\/uploads\/2026\/04\/sigue-el-ciclo-en-voz-baja-en-el-teatrillo-con-la-presentacion-de-yanina-maretto.jpg\"><\/div>\n<p>La bailarina y exponente de las danzas espa\u00f1olas, flamenco y teatro oriunda de San Francisco brindar\u00e1 un espect\u00e1culo \u00edntimo y de aproximaci\u00f3n a este arte. Ser\u00e1 el jueves a las 21 en el Teatrillo.  <\/p>\n","protected":false},"author":1,"featured_media":40590,"comment_status":"closed","ping_status":"closed","sticky":false,"template":"","format":"standard","meta":{"footnotes":""},"categories":[19],"tags":[],"_links":{"self":[{"href":"https:\/\/ritmocordoba.com\/index.php?rest_route=\/wp\/v2\/posts\/40589"}],"collection":[{"href":"https:\/\/ritmocordoba.com\/index.php?rest_route=\/wp\/v2\/posts"}],"about":[{"href":"https:\/\/ritmocordoba.com\/index.php?rest_route=\/wp\/v2\/types\/post"}],"author":[{"embeddable":true,"href":"https:\/\/ritmocordoba.com\/index.php?rest_route=\/wp\/v2\/users\/1"}],"replies":[{"embeddable":true,"href":"https:\/\/ritmocordoba.com\/index.php?rest_route=%2Fwp%2Fv2%2Fcomments&post=40589"}],"version-history":[{"count":0,"href":"https:\/\/ritmocordoba.com\/index.php?rest_route=\/wp\/v2\/posts\/40589\/revisions"}],"wp:featuredmedia":[{"embeddable":true,"href":"https:\/\/ritmocordoba.com\/index.php?rest_route=\/wp\/v2\/media\/40590"}],"wp:attachment":[{"href":"https:\/\/ritmocordoba.com\/index.php?rest_route=%2Fwp%2Fv2%2Fmedia&parent=40589"}],"wp:term":[{"taxonomy":"category","embeddable":true,"href":"https:\/\/ritmocordoba.com\/index.php?rest_route=%2Fwp%2Fv2%2Fcategories&post=40589"},{"taxonomy":"post_tag","embeddable":true,"href":"https:\/\/ritmocordoba.com\/index.php?rest_route=%2Fwp%2Fv2%2Ftags&post=40589"}],"curies":[{"name":"wp","href":"https:\/\/api.w.org\/{rel}","templated":true}]}}