{"id":40588,"date":"2026-04-29T04:12:53","date_gmt":"2026-04-29T04:12:53","guid":{"rendered":"https:\/\/cultura.cordoba.gob.ar\/?p=24590"},"modified":"2026-04-29T04:12:53","modified_gmt":"2026-04-29T04:12:53","slug":"este-jueves-cine-ambiental-en-el-cineclub-con-una-nueva-edicion-de-la-canica-azul","status":"publish","type":"post","link":"https:\/\/ritmocordoba.com\/?p=40588","title":{"rendered":"Este jueves, cine ambiental en el Cineclub con una nueva edici\u00f3n de La Canica Azul"},"content":{"rendered":"\n<p><b>El cl\u00e1sico ciclo de cine ambiental del Cineclub Municipal este jueves 30 a las 20:00 presentar\u00e1 un programa de cortometrajes que abordan el extractivismo, la crisis clim\u00e1tica y la relaci\u00f3n entre comunidad y territorio.&nbsp;<\/b><\/p>\n<p><span>El Ciclo Canica Azul ya es una tradici\u00f3n dentro de la programaci\u00f3n del Cineclub Municipal. Cada vez que aparece en cartelera, propone una selecci\u00f3n de pel\u00edculas que invitan a pensar el v\u00ednculo entre las acciones humanas y el medio ambiente, utilizando al cine como una herramienta sensible de difusi\u00f3n.&nbsp;<\/span><\/p>\n<p><span>En esta nueva edici\u00f3n, el ciclo presenta un programa de cortometrajes que recorre distintas problem\u00e1ticas socioambientales desde miradas diversas, con historias atravesadas por la resistencia, la memoria y la defensa del territorio.<\/span><\/p>\n<p><span>La funci\u00f3n tendr\u00e1 lugar este jueves 30 de abril a las 20:00 en el Auditorio Fahrenheit, con la proyecci\u00f3n de tres documentales recientes.<\/span><\/p>\n<p><span>El recorrido comienza con <\/span><i><span>El precio de la Tierra<\/span><\/i><span> (Italia, 2024, 28\u2019), dirigido por Alessandro Cinque. El documental aborda las consecuencias de la miner\u00eda extractiva a partir de historias de comunidades que enfrentan, d\u00eda a d\u00eda, el impacto de estas pr\u00e1cticas en sus territorios. A trav\u00e9s de estos relatos, se pone en foco la defensa de los derechos humanos y de la Madre Tierra.<\/span><\/p>\n<p><span>A continuaci\u00f3n se proyectar\u00e1 <\/span><i><span>Qotzu\u00f1i \u2013 Hombres del lago<\/span><\/i><span> (Argentina \/ Bolivia \/ EE.UU., 2024, 12\u2019), de Gast\u00f3n Zilberman y Michael Salama. La pel\u00edcula recupera la voz de la comunidad ind\u00edgena Uru tras la desaparici\u00f3n del lago Poop\u00f3 en Bolivia, producto de sequ\u00edas vinculadas al cambio clim\u00e1tico y desv\u00edos de agua para la actividad minera. \u201cEl lago era nuestra madre y nuestro padre. Ahora somos hu\u00e9rfanos\u201d, expresa uno de sus protagonistas, sintetizando el desarraigo que atraviesa a quienes, pese a todo, contin\u00faan identific\u00e1ndose como hombres de lago.<\/span><\/p>\n<p><span>El programa cierra con <\/span><i><span>El legado del monte<\/span><\/i><span> (Argentina, 2025, 12\u2019), dirigido por Bocha Ceballos. Este cortometraje invita a adentrarse en el monte del norte argentino para redescubrir el valor del algarrobo, considerado el \u201c\u00c1rbol de la Vida\u201d. La pel\u00edcula propone una reflexi\u00f3n sobre la importancia de preservar estos ecosistemas, entendiendo que cuidar el monte es tambi\u00e9n una forma de cuidarnos como sociedad.<\/span><\/p>\n<p><span>Con esta nueva funci\u00f3n, La Canica Azul reafirma su lugar como un espacio de di\u00e1logo a trav\u00e9s del cine, ofreciendo historias que interpelan y ampl\u00edan la mirada sobre los desaf\u00edos ecol\u00f3gicos del presente.<\/span><\/p>\n","protected":false},"excerpt":{"rendered":"<p> El cl\u00e1sico ciclo de cine ambiental del Cineclub Municipal este jueves 30 a las 20:00 presentar\u00e1 un programa de cortometrajes que abordan el extractivismo, la crisis clim\u00e1tica y la relaci\u00f3n [&#8230;]  <\/p>\n","protected":false},"author":1,"featured_media":0,"comment_status":"closed","ping_status":"closed","sticky":false,"template":"","format":"standard","meta":{"footnotes":""},"categories":[20,19],"tags":[201,28],"_links":{"self":[{"href":"https:\/\/ritmocordoba.com\/index.php?rest_route=\/wp\/v2\/posts\/40588"}],"collection":[{"href":"https:\/\/ritmocordoba.com\/index.php?rest_route=\/wp\/v2\/posts"}],"about":[{"href":"https:\/\/ritmocordoba.com\/index.php?rest_route=\/wp\/v2\/types\/post"}],"author":[{"embeddable":true,"href":"https:\/\/ritmocordoba.com\/index.php?rest_route=\/wp\/v2\/users\/1"}],"replies":[{"embeddable":true,"href":"https:\/\/ritmocordoba.com\/index.php?rest_route=%2Fwp%2Fv2%2Fcomments&post=40588"}],"version-history":[{"count":0,"href":"https:\/\/ritmocordoba.com\/index.php?rest_route=\/wp\/v2\/posts\/40588\/revisions"}],"wp:attachment":[{"href":"https:\/\/ritmocordoba.com\/index.php?rest_route=%2Fwp%2Fv2%2Fmedia&parent=40588"}],"wp:term":[{"taxonomy":"category","embeddable":true,"href":"https:\/\/ritmocordoba.com\/index.php?rest_route=%2Fwp%2Fv2%2Fcategories&post=40588"},{"taxonomy":"post_tag","embeddable":true,"href":"https:\/\/ritmocordoba.com\/index.php?rest_route=%2Fwp%2Fv2%2Ftags&post=40588"}],"curies":[{"name":"wp","href":"https:\/\/api.w.org\/{rel}","templated":true}]}}