{"id":40566,"date":"2026-04-28T10:35:36","date_gmt":"2026-04-28T10:35:36","guid":{"rendered":"https:\/\/www.radioestacion.com.ar\/?p=403641"},"modified":"2026-04-28T10:35:36","modified_gmt":"2026-04-28T10:35:36","slug":"aparecio-abril-berguese-se-encuentra-en-buen-estado-de-salud","status":"publish","type":"post","link":"https:\/\/ritmocordoba.com\/?p=40566","title":{"rendered":"Apareci\u00f3 Abril Berguese: se encuentra en buen estado de salud"},"content":{"rendered":"\n<div><img decoding=\"async\" src=\"http:\/\/ritmocordoba.com\/wp-content\/uploads\/2026\/04\/aparecio-abril-berguese-se-encuentra-en-buen-estado-de-salud.jpg\" class=\"ff-og-image-inserted\"><\/div>\n<h3>Luego de una intensa b\u00fasqueda y momentos de preocupaci\u00f3n, la joven volvi\u00f3 a reencontrase con su familia.<\/h3>\n<p>Seg\u00fan se inform\u00f3 en las \u00faltimas horas, la joven de 21 a\u00f1os logr\u00f3 reencontrarse con sus seres queridos y se encuentra en buen estado de salud, llevando tranquilidad a su entorno y a toda la comunidad que segu\u00eda de cerca el caso. Regres\u00f3 a su domicilio por sus propios medios.<\/p>\n<p>La aparici\u00f3n de Abril pone fin a<a href=\"https:\/\/www.radioestacion.com.ar\/abril-berguese-se-perdio-el-rastro-hace-una-semana-y-piden-colaboracion-para-hallarla\/\"> d\u00edas de preocupaci\u00f3n y movilizaci\u00f3n,<\/a> en los que intervinieron la Justicia, la Polic\u00eda y vecinos que colaboraron difundiendo la informaci\u00f3n para dar con su paradero. Luego de que haya sido localizada, la trasladaron hacia el Hospital J.B Iturraspe para los estudios correspondientes donde se confirm\u00f3 su buen estado de salud.<\/p>\n<p>Por el momento no trascendieron detalles sobre las circunstancias en las que fue ubicada, aunque indicaron que se encuentra fuera de peligro y bajo resguardo. La investigaci\u00f3n continuar\u00e1 para esclarecer lo ocurrido durante los d\u00edas en que permaneci\u00f3 ausente.<\/p>\n<blockquote class=\"wp-embedded-content\" data-secret=\"KcDYsi0nVR\">\n<p><a href=\"https:\/\/www.radioestacion.com.ar\/secuestraron-seis-motocicletas-en-un-control-vehicular-en-san-francisco\/\">Secuestraron seis motocicletas en un control vehicular en San Francisco<\/a><\/p>\n<\/blockquote>\n","protected":false},"excerpt":{"rendered":"<p> Luego de una intensa b\u00fasqueda y momentos de preocupaci\u00f3n, la joven volvi\u00f3 a reencontrase con su familia. Seg\u00fan se inform\u00f3 en las \u00faltimas horas, la joven de 21 a\u00f1os logr\u00f3 reencontrarse con sus seres queridos y se encuentra en buen estado de salud, llevando tranquilidad a su entorno y a toda la comunidad que segu\u00eda [&#8230;]<\/p>\n<p><a href=\"https:\/\/www.radioestacion.com.ar\/aparecio-abril-berguese-se-encuentra-en-buen-estado-de-salud\/\">Fuente<\/a><\/p>\n","protected":false},"author":1,"featured_media":40567,"comment_status":"closed","ping_status":"closed","sticky":false,"template":"","format":"standard","meta":{"footnotes":""},"categories":[20],"tags":[],"_links":{"self":[{"href":"https:\/\/ritmocordoba.com\/index.php?rest_route=\/wp\/v2\/posts\/40566"}],"collection":[{"href":"https:\/\/ritmocordoba.com\/index.php?rest_route=\/wp\/v2\/posts"}],"about":[{"href":"https:\/\/ritmocordoba.com\/index.php?rest_route=\/wp\/v2\/types\/post"}],"author":[{"embeddable":true,"href":"https:\/\/ritmocordoba.com\/index.php?rest_route=\/wp\/v2\/users\/1"}],"replies":[{"embeddable":true,"href":"https:\/\/ritmocordoba.com\/index.php?rest_route=%2Fwp%2Fv2%2Fcomments&post=40566"}],"version-history":[{"count":0,"href":"https:\/\/ritmocordoba.com\/index.php?rest_route=\/wp\/v2\/posts\/40566\/revisions"}],"wp:featuredmedia":[{"embeddable":true,"href":"https:\/\/ritmocordoba.com\/index.php?rest_route=\/wp\/v2\/media\/40567"}],"wp:attachment":[{"href":"https:\/\/ritmocordoba.com\/index.php?rest_route=%2Fwp%2Fv2%2Fmedia&parent=40566"}],"wp:term":[{"taxonomy":"category","embeddable":true,"href":"https:\/\/ritmocordoba.com\/index.php?rest_route=%2Fwp%2Fv2%2Fcategories&post=40566"},{"taxonomy":"post_tag","embeddable":true,"href":"https:\/\/ritmocordoba.com\/index.php?rest_route=%2Fwp%2Fv2%2Ftags&post=40566"}],"curies":[{"name":"wp","href":"https:\/\/api.w.org\/{rel}","templated":true}]}}