{"id":40564,"date":"2026-04-28T00:48:00","date_gmt":"2026-04-28T00:48:00","guid":{"rendered":"https:\/\/puntal-editorialfundamento.cms.api.thinkindot.com\/c256552"},"modified":"2026-04-28T00:48:00","modified_gmt":"2026-04-28T00:48:00","slug":"llaryora-recibio-a-la-cgt-cordoba-y-compartio-la-preocupacion-por-el-empleo","status":"publish","type":"post","link":"https:\/\/ritmocordoba.com\/?p=40564","title":{"rendered":"Llaryora recibi\u00f3 a la CGT C\u00f3rdoba y comparti\u00f3 la preocupaci\u00f3n por el empleo"},"content":{"rendered":"\n<div><img decoding=\"async\" src=\"http:\/\/ritmocordoba.com\/wp-content\/uploads\/2026\/04\/llaryora-recibio-a-la-cgt-cordoba-y-compartio-la-preocupacion-por-el-empleo.jpg\" class=\"ff-og-image-inserted\"><\/div>\n<div class=\"cuerpo\" data-twitter-link readability=\"36\">\n<p> La reuni\u00f3n cont\u00f3 con la participaci\u00f3n de dirigentes de las regionales C\u00f3rdoba Capital, R\u00edo Cuarto, Villa Mar\u00eda, Bell Ville, R\u00edo Tercero y Calamuchita, quienes expusieron el escenario que atraviesan los trabajadores en sus respectivos territorios.<\/p>\n<p>Durante el encuentro, el mandatario provincial escuch\u00f3 los planteos del sector sindical y coincidi\u00f3 en la preocupaci\u00f3n por el deterioro de la actividad econ\u00f3mica, la ca\u00edda del empleo y la p\u00e9rdida del poder adquisitivo.<\/p>\n<p>En ese marco, se plante\u00f3 la necesidad de consolidar un espacio de di\u00e1logo pol\u00edtico e institucional que permita abordar de manera conjunta la coyuntura laboral y productiva, con el objetivo de ayudar a sostener el empleo y acompa\u00f1ar a los sectores m\u00e1s afectados.<\/p>\n<p>Los representantes sindicales manifestaron su \u201cprofunda preocupaci\u00f3n\u201d por el escenario actual, caracterizado por la p\u00e9rdida sostenida de puestos de trabajo en distintos sectores, el avance de la precarizaci\u00f3n laboral y la ca\u00edda del salario real.<\/p>\n<p>El encuentro se inscribe en una serie de instancias de di\u00e1logo que el Gobierno provincial viene promoviendo con distintos actores sociales y productivos para monitorear la evoluci\u00f3n de la econom\u00eda y coordinar respuestas frente al contexto actual.<\/p>\n<\/p><\/div>\n","protected":false},"excerpt":{"rendered":"\n<p id=\"p-1777337104260-78415\" class=\"ignore-parser\">El gobernador analiz\u00f3 junto a los gremios el impacto de la recesi\u00f3n en la actividad y el trabajo.<\/p>\n<p id=\"p-1777337104260-5820\" class=\"ignore-parser\">\n<p id=\"p-1777337096885-71426\" class=\"ignore-parser\">\n","protected":false},"author":1,"featured_media":40565,"comment_status":"closed","ping_status":"closed","sticky":false,"template":"","format":"standard","meta":{"footnotes":""},"categories":[26],"tags":[],"_links":{"self":[{"href":"https:\/\/ritmocordoba.com\/index.php?rest_route=\/wp\/v2\/posts\/40564"}],"collection":[{"href":"https:\/\/ritmocordoba.com\/index.php?rest_route=\/wp\/v2\/posts"}],"about":[{"href":"https:\/\/ritmocordoba.com\/index.php?rest_route=\/wp\/v2\/types\/post"}],"author":[{"embeddable":true,"href":"https:\/\/ritmocordoba.com\/index.php?rest_route=\/wp\/v2\/users\/1"}],"replies":[{"embeddable":true,"href":"https:\/\/ritmocordoba.com\/index.php?rest_route=%2Fwp%2Fv2%2Fcomments&post=40564"}],"version-history":[{"count":0,"href":"https:\/\/ritmocordoba.com\/index.php?rest_route=\/wp\/v2\/posts\/40564\/revisions"}],"wp:featuredmedia":[{"embeddable":true,"href":"https:\/\/ritmocordoba.com\/index.php?rest_route=\/wp\/v2\/media\/40565"}],"wp:attachment":[{"href":"https:\/\/ritmocordoba.com\/index.php?rest_route=%2Fwp%2Fv2%2Fmedia&parent=40564"}],"wp:term":[{"taxonomy":"category","embeddable":true,"href":"https:\/\/ritmocordoba.com\/index.php?rest_route=%2Fwp%2Fv2%2Fcategories&post=40564"},{"taxonomy":"post_tag","embeddable":true,"href":"https:\/\/ritmocordoba.com\/index.php?rest_route=%2Fwp%2Fv2%2Ftags&post=40564"}],"curies":[{"name":"wp","href":"https:\/\/api.w.org\/{rel}","templated":true}]}}