{"id":40562,"date":"2026-04-28T00:25:10","date_gmt":"2026-04-28T00:25:10","guid":{"rendered":"http:\/\/6fa72dcbcf10b7ee6bc6819f7355b157"},"modified":"2026-04-28T00:25:10","modified_gmt":"2026-04-28T00:25:10","slug":"el-gobierno-homologo-sin-cambios-la-paritaria-de-comercio","status":"publish","type":"post","link":"https:\/\/ritmocordoba.com\/?p=40562","title":{"rendered":"El Gobierno homolog\u00f3 sin cambios la paritaria de Comercio"},"content":{"rendered":"\n<div class=\"media_block\"><img decoding=\"async\" src=\"http:\/\/ritmocordoba.com\/wp-content\/uploads\/2026\/04\/el-gobierno-homologo-sin-cambios-la-paritaria-de-comercio.jpg\"><\/div>\n<div><img decoding=\"async\" src=\"http:\/\/ritmocordoba.com\/wp-content\/uploads\/2026\/04\/el-gobierno-homologo-sin-cambios-la-paritaria-de-comercio-1.jpg\" class=\"ff-og-image-inserted\"><\/div>\n<p>El ministerio de Capital Humano homolog\u00f3 sin modificaciones el acuerdo salarial que hab\u00edan celebrado la Federaci\u00f3n Argentina de Empleados de Comercio y Servicios (FAECYS) en representaci\u00f3n de los trabajadores, y la C\u00e1mara Argentina de Comercio (CAC), la Confederaci\u00f3n Argentina de la Mediana Empresa (CAME) y la Uni\u00f3n de Entidades Comerciales (UDECA), en representaci\u00f3n de los empresarios.<\/p>\n<p>El acuerdo paritario que hab\u00eda anunciado FAECYS contempla para el primer trimestre un incremento del 5% distribuido de forma escalonada de la siguiente manera: un 2% en abril, un 1,5% en mayo y un 1,5% en junio. Asimismo, se estableci\u00f3 el pago de un bono extraordinario de $120.000 para los trabajadores de todas las categor\u00edas, y una contribuci\u00f3n empresarial por la vigencia de convenio de 28 mil pesos por cada trabajador de comercio.<\/p>\n<p>Al respecto, el secretario general de FAECYS, Armando Cavalieri, se\u00f1al\u00f3 que &#8220;este acuerdo es el resultado de un di\u00e1logo maduro y responsable. Somos plenamente conscientes de la dif\u00edcil situaci\u00f3n que atraviesa la econom\u00eda y que impacta directamente tanto en el bolsillo de los trabajadores como en la operatividad de las pymes y los comercios de cercan\u00eda&#8221;.<\/p>\n<p>A eso agreg\u00f3: &#8220;Uno de los puntos era el valor de la cuota solidaria, que con la excusa de una modernizaci\u00f3n se pretend\u00eda asfixiar a los sindicatos. La discusi\u00f3n qued\u00f3 saldada con la medida cautelar que fij\u00f3 el Juzgado Federal N 2 de San Martin, al suspender la aplicaci\u00f3n de los art\u00edculos 131 y 133 de la Ley de Modernizaci\u00f3n Laboral N\u00b0 27.802, dando continuidad a todas las cl\u00e1usulas convencionales y que establece que las empresas deben mantener la retenci\u00f3n y el dep\u00f3sito de las contribuciones solidarias pactadas, fundamentales para el funcionamiento de las organizaciones gremiales&#8221;.<\/p>\n","protected":false},"excerpt":{"rendered":"\n<div class=\"media_block\"><img decoding=\"async\" src=\"http:\/\/ritmocordoba.com\/wp-content\/uploads\/2026\/04\/el-gobierno-homologo-sin-cambios-la-paritaria-de-comercio.jpg\"><\/div>\n<p>El acuerdo paritario alcanzado por la Federaci\u00f3n de Empleados de Comercio contempla para el primer trimestre un incremento del 5% distribuido de forma escalonada. Un 2% en abril, un 1,5% en mayo y un 1,5% en junio.  <\/p>\n","protected":false},"author":1,"featured_media":40563,"comment_status":"closed","ping_status":"closed","sticky":false,"template":"","format":"standard","meta":{"footnotes":""},"categories":[26],"tags":[],"_links":{"self":[{"href":"https:\/\/ritmocordoba.com\/index.php?rest_route=\/wp\/v2\/posts\/40562"}],"collection":[{"href":"https:\/\/ritmocordoba.com\/index.php?rest_route=\/wp\/v2\/posts"}],"about":[{"href":"https:\/\/ritmocordoba.com\/index.php?rest_route=\/wp\/v2\/types\/post"}],"author":[{"embeddable":true,"href":"https:\/\/ritmocordoba.com\/index.php?rest_route=\/wp\/v2\/users\/1"}],"replies":[{"embeddable":true,"href":"https:\/\/ritmocordoba.com\/index.php?rest_route=%2Fwp%2Fv2%2Fcomments&post=40562"}],"version-history":[{"count":0,"href":"https:\/\/ritmocordoba.com\/index.php?rest_route=\/wp\/v2\/posts\/40562\/revisions"}],"wp:featuredmedia":[{"embeddable":true,"href":"https:\/\/ritmocordoba.com\/index.php?rest_route=\/wp\/v2\/media\/40563"}],"wp:attachment":[{"href":"https:\/\/ritmocordoba.com\/index.php?rest_route=%2Fwp%2Fv2%2Fmedia&parent=40562"}],"wp:term":[{"taxonomy":"category","embeddable":true,"href":"https:\/\/ritmocordoba.com\/index.php?rest_route=%2Fwp%2Fv2%2Fcategories&post=40562"},{"taxonomy":"post_tag","embeddable":true,"href":"https:\/\/ritmocordoba.com\/index.php?rest_route=%2Fwp%2Fv2%2Ftags&post=40562"}],"curies":[{"name":"wp","href":"https:\/\/api.w.org\/{rel}","templated":true}]}}