{"id":40559,"date":"2026-04-28T04:12:48","date_gmt":"2026-04-28T04:12:48","guid":{"rendered":"https:\/\/cultura.cordoba.gob.ar\/?p=24578"},"modified":"2026-04-28T04:12:48","modified_gmt":"2026-04-28T04:12:48","slug":"el-ccec-presenta-pequenos-ojos-un-corto-sobre-la-obra-de-guillermo-franco","status":"publish","type":"post","link":"https:\/\/ritmocordoba.com\/?p=40559","title":{"rendered":"El CCEC presenta Peque\u00f1os ojos, un corto sobre la obra de Guillermo Franco"},"content":{"rendered":"\n<p><b>El jueves 30 a las 19:30, el Centro Cultural Espa\u00f1a C\u00f3rdoba proyectar\u00e1 con entrada gratuita <\/b><b><i>Peque\u00f1os ojos<\/i><\/b><b>, un cortometraje dirigido por Gabriela San Mart\u00edn sobre el proceso creativo del fot\u00f3grafo Guillermo Franco. La actividad ser\u00e1 presentada por Mar\u00eda Aparicio.&nbsp;<\/b><\/p>\n<p><span>Este jueves 30 de abril a las 19:30, el Centro Cultural Espa\u00f1a C\u00f3rdoba (Entre R\u00edos 40) ser\u00e1 sede de la proyecci\u00f3n de <\/span><i><span>Peque\u00f1os ojos<\/span><\/i><span>, un cortometraje dirigido por Gabriela San Mart\u00edn que se adentra en el proceso creativo del fot\u00f3grafo Guillermo Franco. La actividad, con entrada gratuita, propone un acercamiento a una pr\u00e1ctica fotogr\u00e1fica atravesada por el tiempo, la espera y el azar.&nbsp;<\/span><\/p>\n<p><span>Dirigida por Gabriela San Mart\u00edn, la pel\u00edcula se adentra en el proceso creativo de Guillermo Franco, fot\u00f3grafo y programador del Cineclub Municipal, cuya pr\u00e1ctica se sostiene en una l\u00f3gica especial: registrar la ciudad en formato anal\u00f3gico y dejar los rollos sin revelar durante a\u00f1os.<\/span><\/p>\n<p><span>Ese procedimiento introduce un desplazamiento. Las im\u00e1genes no se consuman en el instante de la captura, sino que se completan tiempo despu\u00e9s, cuando vuelven a aparecer. Entre un momento y otro se abre un intervalo donde la memoria, el azar y la transformaci\u00f3n de la ciudad hacen su trabajo. Lo que fue cotidiano se vuelve extra\u00f1o; lo que parec\u00eda menor adquiere densidad.<\/span><\/p>\n<p><span>El trabajo de Franco, adem\u00e1s, tiene una forma particular de circulaci\u00f3n. En el marco de las funciones del Cineclub Municipal, es tradici\u00f3n retirar una postal a la salida. Muchas de esas im\u00e1genes terminan habitando casas, libros o cajones, por fuera de los circuitos tradicionales de exhibici\u00f3n.&nbsp;<\/span><\/p>\n<p><span>En <\/span><i><span>Peque\u00f1os ojos<\/span><\/i><span>, esa l\u00f3gica tambi\u00e9n se vuelve parte del relato. La ciudad de C\u00f3rdoba aparece como una cartograf\u00eda personal, construida a partir de fragmentos y reencuentros, donde pasado y presente se superponen.&nbsp;<\/span><\/p>\n<p><span>La actividad ser\u00e1 con entrada libre y gratuita y, adem\u00e1s de la proyecci\u00f3n, incluir\u00e1 una charla presentada por Mar\u00eda Aparicio.&nbsp;<\/span><\/p>\n","protected":false},"excerpt":{"rendered":"<p> El jueves 30 a las 19:30, el Centro Cultural Espa\u00f1a C\u00f3rdoba proyectar\u00e1 con entrada gratuita Peque\u00f1os ojos, un cortometraje dirigido por Gabriela San Mart\u00edn sobre el proceso creativo del fot\u00f3grafo [&#8230;]  <\/p>\n","protected":false},"author":1,"featured_media":0,"comment_status":"closed","ping_status":"closed","sticky":false,"template":"","format":"standard","meta":{"footnotes":""},"categories":[20,19],"tags":[153,239,200,28],"_links":{"self":[{"href":"https:\/\/ritmocordoba.com\/index.php?rest_route=\/wp\/v2\/posts\/40559"}],"collection":[{"href":"https:\/\/ritmocordoba.com\/index.php?rest_route=\/wp\/v2\/posts"}],"about":[{"href":"https:\/\/ritmocordoba.com\/index.php?rest_route=\/wp\/v2\/types\/post"}],"author":[{"embeddable":true,"href":"https:\/\/ritmocordoba.com\/index.php?rest_route=\/wp\/v2\/users\/1"}],"replies":[{"embeddable":true,"href":"https:\/\/ritmocordoba.com\/index.php?rest_route=%2Fwp%2Fv2%2Fcomments&post=40559"}],"version-history":[{"count":0,"href":"https:\/\/ritmocordoba.com\/index.php?rest_route=\/wp\/v2\/posts\/40559\/revisions"}],"wp:attachment":[{"href":"https:\/\/ritmocordoba.com\/index.php?rest_route=%2Fwp%2Fv2%2Fmedia&parent=40559"}],"wp:term":[{"taxonomy":"category","embeddable":true,"href":"https:\/\/ritmocordoba.com\/index.php?rest_route=%2Fwp%2Fv2%2Fcategories&post=40559"},{"taxonomy":"post_tag","embeddable":true,"href":"https:\/\/ritmocordoba.com\/index.php?rest_route=%2Fwp%2Fv2%2Ftags&post=40559"}],"curies":[{"name":"wp","href":"https:\/\/api.w.org\/{rel}","templated":true}]}}