{"id":40541,"date":"2026-04-26T22:18:10","date_gmt":"2026-04-26T22:18:10","guid":{"rendered":"https:\/\/www.radioestacion.com.ar\/?p=403487"},"modified":"2026-04-26T22:18:10","modified_gmt":"2026-04-26T22:18:10","slug":"finalizo-el-concurso-para-ocupar-cargos-en-la-banda-sinfonica-municipal","status":"publish","type":"post","link":"https:\/\/ritmocordoba.com\/?p=40541","title":{"rendered":"Finaliz\u00f3 el concurso para ocupar cargos en la Banda Sinf\u00f3nica Municipal"},"content":{"rendered":"<br \/>\n<h3>La Municipalidad de San Francisco, a trav\u00e9s de la Direcci\u00f3n de Cultura, realiz\u00f3 un concurso de antecedentes, oposici\u00f3n y t\u00edtulos para cubrir 12 cargos vacantes en la Banda Sinf\u00f3nica Municipal de la ciudad.<\/h3>\n<p>La convocatoria estuvo dirigida a ciudadanas y ciudadanos argentinos, nativos o por opci\u00f3n, mayores de 18 a\u00f1os, con el objetivo de integrar el organismo musical municipal. Las designaciones tendr\u00e1n car\u00e1cter permanente, de acuerdo con la normativa vigente y el reglamento de la instituci\u00f3n.<\/p>\n<p>Los cargos a concursar fueron trompeta en Si bemol (3\u00aa trompeta), tuba, tromb\u00f3n bajo, clarinete en Si bemol (1\u00ba, 2\u00ba y 3\u00ba), corno suplente de solista (3er corno), percusi\u00f3n, clarinete bajo, saxof\u00f3n alto solista, oboe solista y contrabajo solista. Algunos puestos quedaron vacantes.<\/p>\n<blockquote>\n<p>El proceso de selecci\u00f3n incluy\u00f3 pruebas de oposici\u00f3n divididas en distintas etapas eliminatorias que contemplaron interpretaci\u00f3n musical, lectura a primera vista y una entrevista personal. Adem\u00e1s, se evaluaron los antecedentes acad\u00e9micos y la experiencia profesional de los aspirantes.<\/p>\n<\/blockquote>\n<p>El Director Art\u00edstico de la Banda Sinf\u00f3nica Municipal, <strong>Andr\u00e9s Acosta<\/strong>, se\u00f1al\u00f3: <em>\u201cla din\u00e1mica ha sido muy interesante, hemos tenido muchos participantes. Vemos que la banda Sinf\u00f3nica Municipal de San Francisco empieza a ser un centro cultural dentro de la regi\u00f3n y tambi\u00e9n un ejemplo en tiempos tan dif\u00edciles como los que transcurren actualmente en el pa\u00eds. Y esto es un hecho hist\u00f3rico, porque tomar una decisi\u00f3n de que se abran cargos y ocupen cargos en un org\u00e1nico art\u00edstico dedicado a que la identidad de la ciudad y de la regi\u00f3n se refuerce, es importante. Entonces estamos muy felices por los que han venido a participar\u201d.<\/em><\/p>\n<p><em>\u201cSon etapas de tensi\u00f3n muy dif\u00edciles donde cada participante se tiene que preparar al m\u00e1ximo. Tenemos jurados especialistas de primer nivel invitados para que la idoneidad se garantice dentro de todo el proceso concursal. Creo que hemos tenido sorpresas muy interesantes con diferentes participantes que nos han dejado todo de s\u00ed\u201d<\/em>, manifest\u00f3.<\/p>\n<p>Por su parte, el Director Asistente <strong>Germ\u00e1n Valsagna<\/strong>, indic\u00f3: <em>\u201clo que se acostumbra en un concurso de esta caracter\u00edstica es una obra impuesta, que es la obra que de alguna manera mide la idoneidad m\u00ednima en el cargo y a partir de ah\u00ed, cada concursante destaca un poco m\u00e1s, un poco menos que otro. Pero es como que se garantiza que hay un nivel m\u00ednimo a partir de esa obra impuesta. Si no se puede tocar, no se puede integrar el organismo, ser\u00eda como una ecuaci\u00f3n sencilla. Cuando pasan lo hacen de a uno, nosotros no sabemos en qu\u00e9 orden, no sabemos qui\u00e9nes son, pero todos tocan esa misma obra\u201d<\/em>.<\/p>\n<p><img fetchpriority=\"high\" decoding=\"async\" class=\"alignnone size-full wp-image-403488\" src=\"http:\/\/ritmocordoba.com\/wp-content\/uploads\/2026\/04\/finalizo-el-concurso-para-ocupar-cargos-en-la-banda-sinfonica-municipal.jpg\" alt=\"WhatsApp Image 2026 04 26 at 18.38.39 (1)\" width=\"1600\" height=\"1066\" srcset=\"http:\/\/ritmocordoba.com\/wp-content\/uploads\/2026\/04\/finalizo-el-concurso-para-ocupar-cargos-en-la-banda-sinfonica-municipal.jpg 1600w, http:\/\/ritmocordoba.com\/wp-content\/uploads\/2026\/04\/finalizo-el-concurso-para-ocupar-cargos-en-la-banda-sinfonica-municipal-1.jpg 768w, https:\/\/www.radioestacion.com.ar\/wp-content\/uploads\/2026\/04\/WhatsApp-Image-2026-04-26-at-18.38.39-1-1536x1023.jpeg 1536w\" sizes=\"(max-width: 1600px) 100vw, 1600px\"><\/p>\n<p><em>\u201cDespu\u00e9s se notifica a aquellos que superan esa primera obra y pasan a un segundo momento donde en este caso en particular, se dan algunos extractos de obras que se han tocado eventualmente que son caracter\u00edsticas del repertorio de la Banda Sinf\u00f3nica, en donde se pide cada cosa como espec\u00edfica de cada instrumento donde hay dificultades. Est\u00e1n elegidas con mucha cautela. Y por \u00faltimo se entrega una partitura que se conoce como lectura primera vista, es decir, el concursante no tuvo tiempo de estudiarla, sino que se entrega en el momento, que tiene que abrir como si fuera abrir un libro y empezar a leer, y empezar a tocar lo que est\u00e1 escrito. Esa es la etapa final de la segunda etapa y a partir de ah\u00ed, quienes superan las dos etapas se ingresa a una etapa de entrevista donde uno pregunta cuestiones t\u00e9cnicas acerca de por qu\u00e9 tom\u00f3 determinada decisi\u00f3n o no respecto a una obra, una determinada interpretaci\u00f3n, estil\u00edstica, etc., c\u00f3mo se sinti\u00f3 con el repertorio, si conoce de alguna manera el cargo que va ocupar, antecedentes que tienen que ver con lo acad\u00e9mico, con la formaci\u00f3n y con la experiencia laboral en otras organismos similares al que se concurse\u201d<\/em>, dijo Valsagna.<\/p>\n<p>En cuanto al jurado, Germ\u00e1n coment\u00f3: <em>\u201cel jurado est\u00e1 integrado por cinco personas. Hubo siempre tres personas fijas, el director art\u00edstico Andr\u00e9s Acosta, yo como director asistente y el concertino de la banda Ezequiel Cuello. Y luego esos dos jurados finales estaban reservados a la figura de mayor importancia del mismo, que es el especialista invitado, que fue variando en funci\u00f3n de cada uno de los instrumentos, y hab\u00eda representantes de los solistas de la banda de la misma forma\u201d<\/em>.<\/p>\n<p><em>\u201cSe concursaron 12 cargos. Lamentablemente algunos han quedado sin postulantes porque son instrumentos que no est\u00e1n en la ciudad de San Francisco en el momento, no hay escuela todav\u00eda que los prepare, esperemos que en el futuro eso pueda cubrirse. Despu\u00e9s otros cargos que son los que se han concursado como por ejemplo clarinete, trompeta, tuba, contrabajo y percusi\u00f3n\u201d<\/em>, concluy\u00f3 el director asistente.<\/p>\n<p>Sobre que significa este tipo de instancias, Acosta manifest\u00f3: <em>\u201ces una dignificaci\u00f3n de la labor musical, simplemente establecer un cargo porque en realidad te lo ganaste, estudiaste para eso y tienes una idoneidad suficiente para hacer parte del organismo. La banda sinf\u00f3nica a partir de la aclaraci\u00f3n del reglamento tambi\u00e9n ha venido con diferentes exigencias, acrecentando su nivel. Las exigencias son otras en este momento y al tener unas mayores exigencias, los repertorios son m\u00e1s exigentes y necesitamos otras plantas instrumentales mucho m\u00e1s grandes que nos permitan afrontar lo que habitualmente se hace dentro de la Banda Sinf\u00f3nica\u201d<\/em>.<\/p>\n<p>Para finalizar, el director art\u00edstico mencion\u00f3: <em>\u201cen la banda sinf\u00f3nica solamente hay vientos y percusi\u00f3n, pero hay excepciones a partir de c\u00f3mo la banda se ha ido revolucionando y por qu\u00e9 se ha vuelto de concierto, y dentro de los \u00fanicos instrumentos de cuerda que se encuentran en este tipo de banda son contrabajos, arpa y piano, dentro de instrumento de percusi\u00f3n\u201d<\/em>.<\/p>\n<blockquote class=\"wp-embedded-content\" data-secret=\"nPYyLVfk96\">\n<p><a href=\"https:\/\/www.radioestacion.com.ar\/la-banda-sinfonica-municipal-prepara-una-noche-de-leyendas-en-el-centro-cultural\/\">La Banda Sinf\u00f3nica Municipal prepara una \u00abNoche de Leyendas\u00bb en el Centro Cultural<\/a><\/p>\n<\/blockquote>\n<blockquote class=\"wp-embedded-content\" data-secret=\"2iXDBYPFNy\">\n<p><a href=\"https:\/\/www.radioestacion.com.ar\/la-municipalidad-dicta-taller-de-orientacion-laboral\/\">La Municipalidad dicta taller de orientaci\u00f3n laboral<\/a><\/p>\n<\/blockquote>\n","protected":false},"excerpt":{"rendered":"<p> La Municipalidad de San Francisco, a trav\u00e9s de la Direcci\u00f3n de Cultura, realiz\u00f3 un concurso de antecedentes, oposici\u00f3n y t\u00edtulos para cubrir 12 cargos vacantes en la Banda Sinf\u00f3nica Municipal de la ciudad. La convocatoria estuvo dirigida a ciudadanas y ciudadanos argentinos, nativos o por opci\u00f3n, mayores de 18 a\u00f1os, con el objetivo de integrar [&#8230;]<\/p>\n<p><a href=\"https:\/\/www.radioestacion.com.ar\/finalizo-el-concurso-para-ocupar-cargos-en-la-banda-sinfonica-municipal\/\">Fuente<\/a><\/p>\n","protected":false},"author":1,"featured_media":40542,"comment_status":"closed","ping_status":"closed","sticky":false,"template":"","format":"standard","meta":{"footnotes":""},"categories":[20],"tags":[],"_links":{"self":[{"href":"https:\/\/ritmocordoba.com\/index.php?rest_route=\/wp\/v2\/posts\/40541"}],"collection":[{"href":"https:\/\/ritmocordoba.com\/index.php?rest_route=\/wp\/v2\/posts"}],"about":[{"href":"https:\/\/ritmocordoba.com\/index.php?rest_route=\/wp\/v2\/types\/post"}],"author":[{"embeddable":true,"href":"https:\/\/ritmocordoba.com\/index.php?rest_route=\/wp\/v2\/users\/1"}],"replies":[{"embeddable":true,"href":"https:\/\/ritmocordoba.com\/index.php?rest_route=%2Fwp%2Fv2%2Fcomments&post=40541"}],"version-history":[{"count":0,"href":"https:\/\/ritmocordoba.com\/index.php?rest_route=\/wp\/v2\/posts\/40541\/revisions"}],"wp:featuredmedia":[{"embeddable":true,"href":"https:\/\/ritmocordoba.com\/index.php?rest_route=\/wp\/v2\/media\/40542"}],"wp:attachment":[{"href":"https:\/\/ritmocordoba.com\/index.php?rest_route=%2Fwp%2Fv2%2Fmedia&parent=40541"}],"wp:term":[{"taxonomy":"category","embeddable":true,"href":"https:\/\/ritmocordoba.com\/index.php?rest_route=%2Fwp%2Fv2%2Fcategories&post=40541"},{"taxonomy":"post_tag","embeddable":true,"href":"https:\/\/ritmocordoba.com\/index.php?rest_route=%2Fwp%2Fv2%2Ftags&post=40541"}],"curies":[{"name":"wp","href":"https:\/\/api.w.org\/{rel}","templated":true}]}}