{"id":40535,"date":"2026-04-26T10:35:38","date_gmt":"2026-04-26T10:35:38","guid":{"rendered":"http:\/\/69ede76bd8cc412742834a60"},"modified":"2026-04-26T10:35:38","modified_gmt":"2026-04-26T10:35:38","slug":"agenda-de-eventos-para-este-domingo-teatro-musica-y-feria-en-san-francisco","status":"publish","type":"post","link":"https:\/\/ritmocordoba.com\/?p=40535","title":{"rendered":"Agenda de eventos para este domingo: teatro, m\u00fasica y feria en San Francisco"},"content":{"rendered":"\n<div class=\"media_block\"><img decoding=\"async\" src=\"http:\/\/ritmocordoba.com\/wp-content\/uploads\/2026\/04\/agenda-de-eventos-para-este-domingo-teatro-musica-y-feria-en-san-francisco.jpg\"><\/div>\n<div><img decoding=\"async\" src=\"https:\/\/periodico-app.tadevel-cdn.com\/hostname\/el-periodico.com.ar\/api\/v1\/image\/article\/69ede76bd8cc412742834a60\/facebook?v=7b3534f0251b1c8afa16fbe565fb7f0e&amp;s=aaf423bae21e9a796e7d43701c3b9e38\" class=\"ff-og-image-inserted\"><\/div>\n<p><tadevel-ad sizes=\"336x280-300x300-300x250-300x200-300x100, 728x90-336x280-300x300-300x250-300x200-300x100 1024w\" slot-id=\"article-content-01\"><\/tadevel-ad><\/p>\n<p><span>El domingo en San Francisco ofrecer\u00e1 una diversa agenda con propuestas culturales y recreativas para vecinos y visitantes de la regi\u00f3n.&nbsp;<\/span><\/p>\n<p><span>Habr\u00e1 teatro y m\u00fasica en vivo hasta actividades comunitarias al aire libre.&nbsp;<\/span><\/p>\n<h3>La Puerta presenta \u201cD\u00edas de Sol\u201d&nbsp;<\/h3>\n<p><span>Luego de su estreno, el <\/span><strong>grupo de teatro La Puerta<\/strong><span> pondr\u00e1 en escena la \u00faltima funci\u00f3n de <\/span><strong>&#8220;D\u00edas de Sol&#8221;<\/strong><span>, una comedia de humor \u00e1cido, irreverente y sat\u00edrico escrita por <\/span><strong>Rafael Bruza<\/strong><span>. Ser\u00e1 a las 20, en el sal\u00f3n del Sport Autom\u00f3vil Club. La obra es apta para mayores de 14 a\u00f1os.<\/span><\/p>\n<p><tadevel-ad sizes=\"336x280-300x300-300x250-300x200-300x100, 728x90-336x280-300x300-300x250-300x200-300x100 1024w\" slot-id=\"article-content-02\"><\/tadevel-ad><\/p>\n<p><span>La pieza narra el transcurrir de dos matrimonios diametralmente opuestos que se encuentran en sus polaridades: los une la desesperaci\u00f3n, la incomunicaci\u00f3n y la falta de registro de la realidad. Cada pareja hace crisis a su manera y vive los &#8220;D\u00edas de Sol&#8221; desde su propia subjetividad, dejando al descubierto verdades, mentiras, hipocres\u00eda y carencias en los v\u00ednculos.<\/span><\/p>\n<p><span>El elenco est\u00e1 integrado por <strong>Mariana <\/strong><\/span><strong>Bernarte<\/strong><span>, <strong>Mar\u00eda Soledad <\/strong><\/span><strong>Meier<\/strong><span>, <\/span><strong>Adri\u00e1n Baz\u00e1n<\/strong><span> y <strong>Franco <\/strong><\/span><strong>Ruppen<\/strong><span>, bajo la direcci\u00f3n de <strong>Carlos <\/strong><\/span><strong>Pioli<\/strong><span>.<\/span><\/p>\n<p><tadevel-ad sizes=\"336x280-300x300-300x250-300x200-300x100, 728x90-336x280-300x300-300x250-300x200-300x100 1024w\" slot-id=\"article-content-03\"><\/tadevel-ad><\/p>\n<p><span>Las entradas anticipadas tienen un valor de <strong>$20.000 <\/strong>y en puerta, <\/span><strong>$25.000<\/strong><span>. Reservas al <\/span><strong>3564 674150<\/strong><span> o al <\/span><strong>675431<\/strong><span>.<\/span><\/p>\n<h3>Feria, bingo y baile<span> en el barrio 20 de <\/span>Junio<\/h3>\n<p><span>El Centro Vecinal del Barrio 20 de Junio organiza una jornada familiar <\/span><strong>a partir de las 15<\/strong><span> en su predio en la esquina de Honduras con Jos\u00e9 Hern\u00e1ndez.&nbsp;<\/span><\/p>\n<p><span>La actividad, con entrada libre y gratuita, incluye feria de emprendedores, bingo con sorteos, servicio de cantina y castillo inflable para los m\u00e1s chicos.<\/span><\/p>\n<p><tadevel-ad sizes=\"336x280-300x300-300x250-300x200-300x100, 728x90-336x280-300x300-300x250-300x200-300x100 1024w\" slot-id=\"article-content-04\"><\/tadevel-ad><\/p>\n<p><span>El cierre estar\u00e1 a cargo de <\/span><strong>Germ\u00e1n Casas &#8220;El Rey&#8221;<\/strong><span>, con baile.&nbsp;<\/span><\/p>\n<p><span>Habr\u00e1 sillas y tablones disponibles. Se recomienda llevar reposeras y equipo de mate.<\/span><\/p>\n<h3><span>Nueva fecha del <\/span>Llenate<span> el Mate de Rock<\/span><\/h3>\n<p><strong>Hoy tambi\u00e9n se llevar\u00e1 a cabo una nueva fecha de ciclo 2026 de \u201cLlenate<\/strong><span><strong> <\/strong><\/span><strong>el Mate de Rock\u201d<\/strong><span>, la propuesta cultura que, en su 11\u00ba edici\u00f3n, ya es un cl\u00e1sico para la ciudad de San Francisco.<\/span><\/p>\n<p><strong>Desde las 16<\/strong><span>, en la <\/span><strong>Plazoleta Villafa\u00f1e<\/strong><span>, se presentar\u00e1n las siguientes bandas: <\/span><strong>Astronautas del Futuro<\/strong><span>, <\/span><strong>Atrapasue\u00f1os<\/strong><span>, <\/span><strong>I Griega<\/strong><span> y <\/span><strong>Estados Alterados<\/strong><span>.<\/span><\/p>\n<p><tadevel-ad sizes=\"336x280-300x300-300x250-300x200-300x100, 728x90-336x280-300x300-300x250-300x200-300x100 1024w\" slot-id=\"article-content-05\"><\/tadevel-ad><\/p>\n<p><span>En caso de mal tiempo, el evento se trasladar\u00e1 al <\/span><strong>Superdomo<\/strong><span>.<\/span><\/p>\n<h2>Vuelve el tradicional ciclo \u201cDomingos Diferentes\u201d<\/h2>\n<p>El pr\u00f3ximo domingo 26 de abril, desde las 16 regresan los \u201cDomingos Diferentes\u201d, uno de los ciclos municipales m\u00e1s convocantes, pensado especialmente para los adultos mayores de nuestra ciudad.<\/p>\n<p>Bajo la organizaci\u00f3n de las Secretar\u00edas de Gobierno y de Pol\u00edticas Sociales, la novedad para esta d\u00e9cima edici\u00f3n es que el ciclo, adem\u00e1s de la realizaci\u00f3n en su tradicional ubicaci\u00f3n en el Superdomo, visitar\u00e1 distintos barrios de la ciudad.<\/p>\n<p><tadevel-ad sizes=\"336x280-300x300-300x250-300x200-300x100, 728x90-336x280-300x300-300x250-300x200-300x100 1024w\" slot-id=\"article-content-06\"><\/tadevel-ad><\/p>\n<p>El primer encuentro se llevar\u00e1 a cabo en el anfiteatro de barrio Roque S\u00e1enz Pe\u00f1a, con entrada libre y gratuita, y la participaci\u00f3n de &nbsp;los artistas Mar\u00eda Laura Frank y Lucas Vega, Jos\u00e9 Turina y Los Reales, Dar\u00edo Franco y Fabi Ledezma.<\/p>\n<p>Adem\u00e1s, este 2026 estar\u00e1n presentes emprendedoras locales y se brindar\u00e1, como cada a\u00f1o, refrigerio a los asistentes y se dispondr\u00e1n de dispensers con agua fr\u00eda y caliente.<\/p>\n<p><tadevel-ad sizes=\"336x280-300x300-300x250-300x200-300x100, 728x90-336x280-300x300-300x250-300x200-300x100 1024w\" slot-id=\"article-content-07\"><\/tadevel-ad> <\/p>\n","protected":false},"excerpt":{"rendered":"\n<div class=\"media_block\"><img decoding=\"async\" src=\"http:\/\/ritmocordoba.com\/wp-content\/uploads\/2026\/04\/agenda-de-eventos-para-este-domingo-teatro-musica-y-feria-en-san-francisco.jpg\"><\/div>\n<p>La cartelera incluye funci\u00f3n teatral, rock al aire libre y una jornada familiar con feria y bingo.  <\/p>\n","protected":false},"author":1,"featured_media":40536,"comment_status":"closed","ping_status":"closed","sticky":false,"template":"","format":"standard","meta":{"footnotes":""},"categories":[19],"tags":[],"_links":{"self":[{"href":"https:\/\/ritmocordoba.com\/index.php?rest_route=\/wp\/v2\/posts\/40535"}],"collection":[{"href":"https:\/\/ritmocordoba.com\/index.php?rest_route=\/wp\/v2\/posts"}],"about":[{"href":"https:\/\/ritmocordoba.com\/index.php?rest_route=\/wp\/v2\/types\/post"}],"author":[{"embeddable":true,"href":"https:\/\/ritmocordoba.com\/index.php?rest_route=\/wp\/v2\/users\/1"}],"replies":[{"embeddable":true,"href":"https:\/\/ritmocordoba.com\/index.php?rest_route=%2Fwp%2Fv2%2Fcomments&post=40535"}],"version-history":[{"count":0,"href":"https:\/\/ritmocordoba.com\/index.php?rest_route=\/wp\/v2\/posts\/40535\/revisions"}],"wp:featuredmedia":[{"embeddable":true,"href":"https:\/\/ritmocordoba.com\/index.php?rest_route=\/wp\/v2\/media\/40536"}],"wp:attachment":[{"href":"https:\/\/ritmocordoba.com\/index.php?rest_route=%2Fwp%2Fv2%2Fmedia&parent=40535"}],"wp:term":[{"taxonomy":"category","embeddable":true,"href":"https:\/\/ritmocordoba.com\/index.php?rest_route=%2Fwp%2Fv2%2Fcategories&post=40535"},{"taxonomy":"post_tag","embeddable":true,"href":"https:\/\/ritmocordoba.com\/index.php?rest_route=%2Fwp%2Fv2%2Ftags&post=40535"}],"curies":[{"name":"wp","href":"https:\/\/api.w.org\/{rel}","templated":true}]}}