{"id":39527,"date":"2026-03-13T15:28:52","date_gmt":"2026-03-13T15:28:52","guid":{"rendered":"http:\/\/69b429ed3665fb3c91461c8a"},"modified":"2026-03-13T15:28:52","modified_gmt":"2026-03-13T15:28:52","slug":"el-tano-romero-llega-a-antartida-con-claudio-toledo-va-a-ser-una-batalla-de-exitos","status":"publish","type":"post","link":"https:\/\/ritmocordoba.com\/?p=39527","title":{"rendered":"El Tano Romero llega a Ant\u00e1rtida con Claudio Toledo: \u201cVa a ser una batalla de \u00e9xitos\u201d"},"content":{"rendered":"\n<div class=\"media_block\"><img decoding=\"async\" src=\"http:\/\/ritmocordoba.com\/wp-content\/uploads\/2026\/03\/el-tano-romero-llega-a-antartida-con-claudio-toledo-va-a-ser-una-batalla-de-exitos.jpg\"><\/div>\n<p><tadevel-ad sizes=\"336x280-300x300-300x250-300x200-300x100, 728x90-336x280-300x300-300x250-300x200-300x100 1024w\" slot-id=\"article-content-01\"><\/tadevel-ad><\/p>\n<p><strong>Claudio Toledo<\/strong> y <strong>Tano Romero<\/strong> volver\u00e1n a compartir escenario en San Francisco con un baile cuartetero que reunir\u00e1 a dos referentes del g\u00e9nero en el Club Ant\u00e1rtida Argentina. La propuesta es impulsada por <strong>RC Producciones <\/strong>y se realizar\u00e1 en el sal\u00f3n de <strong>Av. Juan de Garay 4500 <\/strong>bajo el concepto de \u201cbatalla de \u00e9xitos\u201d.<\/p>\n<p>El espect\u00e1culo est\u00e1 previsto con <strong>cuatro selecciones musicales a lo largo de la madrugada<\/strong>, en un formato que contempla presentaciones alternadas entre ambos cantantes y sus bandas. El baile se extender\u00e1 aproximadamente entre la 1 y las 5.<\/p>\n<p><tadevel-ad sizes=\"336x280-300x300-300x250-300x200-300x100, 728x90-336x280-300x300-300x250-300x200-300x100 1024w\" slot-id=\"article-content-02\"><\/tadevel-ad><\/p>\n<p>La din\u00e1mica del show incluir\u00e1 tandas intercaladas, con un repertorio basado en cl\u00e1sicos del cuarteto que marcaron distintas etapas de la carrera de cada artista. Seg\u00fan anticip\u00f3 el Tano Romero en durante una entrevista en <strong>La Ma\u00f1ana de El Peri\u00f3dico<\/strong>, la noche ser\u00e1 intensa y pensada especialmente para el p\u00fablico bailar\u00edn.<\/p>\n<figure class=\"multimedia\" data-html data-tadevel-template=\"web\/multimedia\" data-type=\"video\" data-url=\"https:\/\/www.facebook.com\/elperiodicosf\/videos\/el-tano-romero-y-claudio-toledo-vuelven-a-compartir-escenario-en-san-francisco\/1453379810162097\/\">\n<div class=\"content\">\n<div class=\"sizer\" data-sizer=\"aspect-ratio\" data-tadevel-template=\"web\/aspect-ratio\">\n<div class=\"backdrop\" data-tadevel-template=\"web\/backdrop\">\n<div data-facade-target=\"[data-tadevel-template=&quot;web\/aspect-ratio&quot;]\" class=\"facade\" data-tadevel-template=\"web\/multimedia-facade\"><button aria-label=\"Reproducir video\" class=\"run\"><svg preserveAspectRatio=\"xMidYMid meet\" viewBox=\"0 0 24 24\" focusable=\"false\"><path d=\"M8 5v14l11-7z\" \/><\/svg><\/button><template><tadevel-sandbox src=\"https:\/\/periodico-app.tadevel-cdn.com\/hostname\/el-periodico.com.ar\/api\/v1\/sandbox\/PGRpdiBjbGFzcz0iaWZyYW1lbHktZW1iZWQiPjxkaXYgY2xhc3M9ImlmcmFtZWx5LXJlc3BvbnNpdmUiIHN0eWxlPSJwYWRkaW5nLWJvdHRvbTogNTYuMzQwNiU7Ij48YSBocmVmPSJodHRwczovL3d3dy5mYWNlYm9vay5jb20vZWxwZXJpb2RpY29zZi92aWRlb3MvZWwtdGFuby1yb21lcm8teS1jbGF1ZGlvLXRvbGVkby12dWVsdmVuLWEtY29tcGFydGlyLWVzY2VuYXJpby1lbi1zYW4tZnJhbmNpc2NvLzE0NTMzNzk4MTAxNjIwOTcvIiBkYXRhLWlmcmFtZWx5LXVybD0iLy9pZi1jZG4uY29tL2hzVkZ1VW1FP2NvbnNlbnQ9MCI%2BPC9hPjwvZGl2PjwvZGl2PjxzY3JpcHQgYXN5bmMgc3JjPSIvL2lmLWNkbi5jb20vZW1iZWQuanMiIGNoYXJzZXQ9InV0Zi04Ij48L3NjcmlwdD4%3D?v=bbcffd5ece207bcfc02f65404a23eb2c&amp;s=4d8821472381aedd001dec3178d8379d\" data-tadevel-template=\"web\/sandbox\"><\/tadevel-sandbox><\/template><\/div>\n<\/div>\n<\/div>\n<\/div><figcaption class=\"caption\">\n<div class=\"description\">El Tano Romero y Claudio Toledo volver\u00e1n a presentarse juntos esta&#8230;<\/div>\n<\/figcaption><\/figure>\n<p><tadevel-ad sizes=\"336x280-300x300-300x250-300x200-300x100, 728x90-336x280-300x300-300x250-300x200-300x100 1024w\" slot-id=\"article-content-03\"><\/tadevel-ad><\/p>\n<p>\u201cVa a estar bueno porque van a ser cuatro selecciones. Imaginate que hay que empezar tempranito y terminar a la \u00faltima hora. <strong>Lo importante es que la gente se vaya contenta, que la pase bien<\/strong>\u201d, expres\u00f3 el cantante.<\/p>\n<p>El Tano tambi\u00e9n remarc\u00f3 que el evento ser\u00e1 una especie de duelo musical simb\u00f3lico entre ambos artistas. \u201cUna batalla musical, vamos a hacer cuatro selecciones, dos cada uno intercaladas. Creo que arranca Claudio, despu\u00e9s yo, despu\u00e9s Claudio de vuelta y cierro yo\u201d, explic\u00f3.<\/p>\n<p><tadevel-ad sizes=\"336x280-300x300-300x250-300x200-300x100, 728x90-336x280-300x300-300x250-300x200-300x100 1024w\" slot-id=\"article-content-04\"><\/tadevel-ad><\/p>\n<p>El cantante destac\u00f3 adem\u00e1s que hac\u00eda varios a\u00f1os que no compart\u00eda escenario con Toledo en la ciudad. \u201cHac\u00eda muchos a\u00f1os que no hac\u00edamos esto con Claudio. Volver despu\u00e9s de mucho tiempo a cantar juntos est\u00e1 bueno\u201d, se\u00f1al\u00f3.<\/p>\n<figure class=\"multimedia\" data-tadevel-template=\"web\/multimedia\" data-type=\"photo\">\n<div class=\"content\">\n<div class=\"sizer\" data-sizer=\"aspect-ratio\" data-tadevel-template=\"web\/aspect-ratio\"><picture data-tadevel-template=\"web\/picture\"><source sizes=\"(min-device-width: 768px) 768px, 200px\" srcset=\"http:\/\/ritmocordoba.com\/wp-content\/uploads\/2026\/03\/el-tano-romero-llega-a-antartida-con-claudio-toledo-va-a-ser-una-batalla-de-exitos.webp 144w, http:\/\/ritmocordoba.com\/wp-content\/uploads\/2026\/03\/el-tano-romero-llega-a-antartida-con-claudio-toledo-va-a-ser-una-batalla-de-exitos-1.webp 288w, https:\/\/periodico-assets.tadevel-cdn.com\/69b42b253665fb3c91463b8d\/720.webp 576w\" type=\"image\/webp\"><source sizes=\"(min-device-width: 768px) 768px, 200px\" srcset=\"https:\/\/periodico-assets.tadevel-cdn.com\/69b42b253665fb3c91463b8d\/720.jpeg 576w\" type=\"image\/jpeg\"><img alt=\"El Tano Romero llega a Ant\u00e1rtida con Claudio Toledo: \u201cVa a ser una batalla de \u00e9xitos\u201d\" loading=\"lazy\"><x-picture-helper><\/x-picture-helper><\/picture><\/div>\n<\/div>\n<\/figure>\n<p><tadevel-ad sizes=\"336x280-300x300-300x250-300x200-300x100, 728x90-336x280-300x300-300x250-300x200-300x100 1024w\" slot-id=\"article-content-05\"><\/tadevel-ad><\/p>\n<p>En la entrevista, Romero tambi\u00e9n habl\u00f3 de su presente art\u00edstico y del v\u00ednculo con el p\u00fablico. \u201cHoy en d\u00eda disfruto mucho mi presente. <strong>Hace poquito cumpl\u00ed trece a\u00f1os de solista y la verdad que lo disfruto mucho<\/strong>\u201d, cont\u00f3.<\/p>\n<p>Tambi\u00e9n remarc\u00f3 el cari\u00f1o que recibe en la ciudad: \u201c<strong>San Francisco realmente es muy especial. Siempre digo que ha estado conmigo en mi carrera tanto en las buenas como en las malas y la gente nunca me ha abandonado<\/strong>\u201d.<\/p>\n<p><tadevel-ad sizes=\"336x280-300x300-300x250-300x200-300x100, 728x90-336x280-300x300-300x250-300x200-300x100 1024w\" slot-id=\"article-content-06\"><\/tadevel-ad><\/p>\n<p><a rel=\"noopener nofollow\" href=\"https:\/\/www.masentrada.app\/events\/claudio-toledo-tano-romero-san-francisco\" target=\"_blank\">Las entradas se encuentran disponible a trav\u00e9s de la plataforma Tikzet.<\/a><\/p>\n<p><tadevel-ad sizes=\"336x280-300x300-300x250-300x200-300x100, 728x90-336x280-300x300-300x250-300x200-300x100 1024w\" slot-id=\"article-content-07\"><\/tadevel-ad> <\/p>\n","protected":false},"excerpt":{"rendered":"\n<div class=\"media_block\"><img decoding=\"async\" src=\"http:\/\/ritmocordoba.com\/wp-content\/uploads\/2026\/03\/el-tano-romero-llega-a-antartida-con-claudio-toledo-va-a-ser-una-batalla-de-exitos.jpg\"><\/div>\n<p>El show est\u00e1 anunciado para esta noche en el sal\u00f3n ubicado sobre Juan de Garay 4500. El baile ser\u00e1 en formato XL, con presentaciones alternadas de ambos artistas durante toda la madrugada.  <\/p>\n","protected":false},"author":1,"featured_media":39528,"comment_status":"closed","ping_status":"closed","sticky":false,"template":"","format":"standard","meta":{"footnotes":""},"categories":[19],"tags":[],"_links":{"self":[{"href":"https:\/\/ritmocordoba.com\/index.php?rest_route=\/wp\/v2\/posts\/39527"}],"collection":[{"href":"https:\/\/ritmocordoba.com\/index.php?rest_route=\/wp\/v2\/posts"}],"about":[{"href":"https:\/\/ritmocordoba.com\/index.php?rest_route=\/wp\/v2\/types\/post"}],"author":[{"embeddable":true,"href":"https:\/\/ritmocordoba.com\/index.php?rest_route=\/wp\/v2\/users\/1"}],"replies":[{"embeddable":true,"href":"https:\/\/ritmocordoba.com\/index.php?rest_route=%2Fwp%2Fv2%2Fcomments&post=39527"}],"version-history":[{"count":0,"href":"https:\/\/ritmocordoba.com\/index.php?rest_route=\/wp\/v2\/posts\/39527\/revisions"}],"wp:featuredmedia":[{"embeddable":true,"href":"https:\/\/ritmocordoba.com\/index.php?rest_route=\/wp\/v2\/media\/39528"}],"wp:attachment":[{"href":"https:\/\/ritmocordoba.com\/index.php?rest_route=%2Fwp%2Fv2%2Fmedia&parent=39527"}],"wp:term":[{"taxonomy":"category","embeddable":true,"href":"https:\/\/ritmocordoba.com\/index.php?rest_route=%2Fwp%2Fv2%2Fcategories&post=39527"},{"taxonomy":"post_tag","embeddable":true,"href":"https:\/\/ritmocordoba.com\/index.php?rest_route=%2Fwp%2Fv2%2Ftags&post=39527"}],"curies":[{"name":"wp","href":"https:\/\/api.w.org\/{rel}","templated":true}]}}