{"id":39505,"date":"2026-03-13T23:43:57","date_gmt":"2026-03-13T23:43:57","guid":{"rendered":"http:\/\/babd34e61abf9745c20b620beed3aac2"},"modified":"2026-03-13T23:43:57","modified_gmt":"2026-03-13T23:43:57","slug":"larreta-reaparece-para-relanzar-su-candidatura-a-jefe-de-gobierno","status":"publish","type":"post","link":"https:\/\/ritmocordoba.com\/?p=39505","title":{"rendered":"Larreta reaparece para relanzar su candidatura a jefe de gobierno"},"content":{"rendered":"\n<div class=\"media_block\"><img decoding=\"async\" src=\"http:\/\/ritmocordoba.com\/wp-content\/uploads\/2026\/03\/larreta-reaparece-para-relanzar-su-candidatura-a-jefe-de-gobierno.jpg\"><\/div>\n<div><img decoding=\"async\" src=\"http:\/\/ritmocordoba.com\/wp-content\/uploads\/2026\/03\/larreta-reaparece-para-relanzar-su-candidatura-a-jefe-de-gobierno-1.jpg\" class=\"ff-og-image-inserted\"><\/div>\n<p>Horacio Rodr\u00edguez Larreta reaparecer\u00e1 el lunes en el programa de Carlos Pagni en LN+ para relanzar su candidatura a jefe de gobierno.<\/p>\n<p>El ex PRO, que gobern\u00f3 la Ciudad desde 2015 hasta 2023, ya hab\u00eda hecho p\u00fablicas sus intenciones para volver a competir en territorio porte\u00f1o. <\/p>\n<p>Por eso fue candidato el a\u00f1o pasado a legislador porte\u00f1o, una faceta que todav\u00eda no lo tuvo como protagonista por el extenso receso estival del parlamento capitalino.<\/p>\n<p>La reaparici\u00f3n de Larreta se da en momentos en que corren versiones de un acercamiento de posiciones con el macrismo. &#8220;No le peguen a Horacio&#8221;, habr\u00eda dicho el propio Mauricio Macri seg\u00fan adelant\u00f3 <a href=\"https:\/\/www.lanacion.com.ar\/politica\/solo-en-off-macri-recupero-el-optimismo-y-ahora-pide-que-no-le-peguen-a-rodriguez-larreta-nid09032026\/\" target=\"_blank\" rel=\"noopener\">La Naci\u00f3n<\/a>.<\/p>\n<p>Lo que busca el presidente del PRO es evitar recomponer en el diezmado partido amarillo ante su temor a que los libertarios le arrebaten la Ciudad que controla desde hace casi 20 a\u00f1os.<\/p>\n","protected":false},"excerpt":{"rendered":"\n<div class=\"media_block\"><img decoding=\"async\" src=\"http:\/\/ritmocordoba.com\/wp-content\/uploads\/2026\/03\/larreta-reaparece-para-relanzar-su-candidatura-a-jefe-de-gobierno.jpg\"><\/div>\n<p>El legislador estar\u00e1 el lunes en el programa de Pagni para anunciar que competir\u00e1 en 2027 por la Ciudad.  <\/p>\n","protected":false},"author":1,"featured_media":39506,"comment_status":"closed","ping_status":"closed","sticky":false,"template":"","format":"standard","meta":{"footnotes":""},"categories":[26],"tags":[],"_links":{"self":[{"href":"https:\/\/ritmocordoba.com\/index.php?rest_route=\/wp\/v2\/posts\/39505"}],"collection":[{"href":"https:\/\/ritmocordoba.com\/index.php?rest_route=\/wp\/v2\/posts"}],"about":[{"href":"https:\/\/ritmocordoba.com\/index.php?rest_route=\/wp\/v2\/types\/post"}],"author":[{"embeddable":true,"href":"https:\/\/ritmocordoba.com\/index.php?rest_route=\/wp\/v2\/users\/1"}],"replies":[{"embeddable":true,"href":"https:\/\/ritmocordoba.com\/index.php?rest_route=%2Fwp%2Fv2%2Fcomments&post=39505"}],"version-history":[{"count":0,"href":"https:\/\/ritmocordoba.com\/index.php?rest_route=\/wp\/v2\/posts\/39505\/revisions"}],"wp:featuredmedia":[{"embeddable":true,"href":"https:\/\/ritmocordoba.com\/index.php?rest_route=\/wp\/v2\/media\/39506"}],"wp:attachment":[{"href":"https:\/\/ritmocordoba.com\/index.php?rest_route=%2Fwp%2Fv2%2Fmedia&parent=39505"}],"wp:term":[{"taxonomy":"category","embeddable":true,"href":"https:\/\/ritmocordoba.com\/index.php?rest_route=%2Fwp%2Fv2%2Fcategories&post=39505"},{"taxonomy":"post_tag","embeddable":true,"href":"https:\/\/ritmocordoba.com\/index.php?rest_route=%2Fwp%2Fv2%2Ftags&post=39505"}],"curies":[{"name":"wp","href":"https:\/\/api.w.org\/{rel}","templated":true}]}}