{"id":39502,"date":"2026-03-13T23:42:55","date_gmt":"2026-03-13T23:42:55","guid":{"rendered":"https:\/\/cultura.cordoba.gob.ar\/?p=24197"},"modified":"2026-03-13T23:42:55","modified_gmt":"2026-03-13T23:42:55","slug":"de-lector-a-lector-abre-la-convocatoria-para-participar-en-la-feria-de-libros-circulantes","status":"publish","type":"post","link":"https:\/\/ritmocordoba.com\/?p=39502","title":{"rendered":"\u201cDe lector a lector\u201d: abre la convocatoria para participar en la Feria de Libros Circulantes"},"content":{"rendered":"\n<p><b>La convocatoria est\u00e1 dirigida a lectores, grupos de lectura y proyectos autogestivos que deseen vender libros usados en buen estado. Las inscripciones estar\u00e1n abiertas del 16 al 27 de marzo. Para conocer el reglamento ingresar aqu\u00ed.&nbsp;<\/b><\/p>\n<p><span>Del 16 al 27 de marzo estar\u00e1 abierta la convocatoria para participar en la segunda edici\u00f3n de la Feria de Libros Circulantes \u201cDe lector a lector\u201d, organizada por Babilonia Literaria con el acompa\u00f1amiento de la Secretar\u00eda de Fortalecimiento Vecinal, Cultura y Deportes. <\/span><span><br \/><\/span><span><br \/><\/span><span>La propuesta invita a lectores, integrantes de grupos de lectura y proyectos autogestivos a postularse como feriantes para ofrecer libros usados en buenas condiciones y ponerlos nuevamente en circulaci\u00f3n entre nuevos lectores. Para conocer el reglamento completo ingresar al siguiente <\/span><a href=\"https:\/\/docs.google.com\/document\/d\/1MYKnXYfd9yhCD3WppOkHcPBBDuwJP2ap\/edit?usp=sharing&amp;ouid=102816184136719994183&amp;rtpof=true&amp;sd=true\"><span>enlace<\/span><\/a><span>.<\/span><\/p>\n<p><span>La feria se realizar\u00e1 el s\u00e1bado 25 de abril en Casa de Pepino (Fructuoso Rivera 287) y estar\u00e1 acompa\u00f1ada por una grilla de actividades coordinadas por Babilonia Literaria.<\/span><\/p>\n<p><span>La primera edici\u00f3n de esta iniciativa se realiz\u00f3 el a\u00f1o pasado y reuni\u00f3 a lectores, bibliotecas y proyectos autogestivos de C\u00f3rdoba que ofrecieron una amplia variedad de t\u00edtulos a precios accesibles, con el objetivo de promover la circulaci\u00f3n de libros y fortalecer la comunidad lectora.<\/span><\/p>\n<p><span>Quienes deseen participar deber\u00e1n completar el <\/span><a href=\"https:\/\/docs.google.com\/forms\/d\/e\/1FAIpQLSfIQtn1JCxoxbZSY2gxLKzMoPO2SFUJ5Crc6MwzLgR0RiGfNQ\/viewform\"><span>formulario de inscripci\u00f3n <\/span><\/a><span>dentro del per\u00edodo de convocatoria. Los feriantes seleccionados ser\u00e1n notificados por correo electr\u00f3nico entre el 13 y el 17 de abril. Por consultas: babiloniagestionliteraria@gmail.com<\/span><\/p>\n","protected":false},"excerpt":{"rendered":"<p> La convocatoria est\u00e1 dirigida a lectores, grupos de lectura y proyectos autogestivos que deseen vender libros usados en buen estado. Las inscripciones estar\u00e1n abiertas del 16 al 27 de marzo. [&#8230;]  <\/p>\n","protected":false},"author":1,"featured_media":0,"comment_status":"closed","ping_status":"closed","sticky":false,"template":"","format":"standard","meta":{"footnotes":""},"categories":[20,19],"tags":[321,193,269,198,28],"_links":{"self":[{"href":"https:\/\/ritmocordoba.com\/index.php?rest_route=\/wp\/v2\/posts\/39502"}],"collection":[{"href":"https:\/\/ritmocordoba.com\/index.php?rest_route=\/wp\/v2\/posts"}],"about":[{"href":"https:\/\/ritmocordoba.com\/index.php?rest_route=\/wp\/v2\/types\/post"}],"author":[{"embeddable":true,"href":"https:\/\/ritmocordoba.com\/index.php?rest_route=\/wp\/v2\/users\/1"}],"replies":[{"embeddable":true,"href":"https:\/\/ritmocordoba.com\/index.php?rest_route=%2Fwp%2Fv2%2Fcomments&post=39502"}],"version-history":[{"count":0,"href":"https:\/\/ritmocordoba.com\/index.php?rest_route=\/wp\/v2\/posts\/39502\/revisions"}],"wp:attachment":[{"href":"https:\/\/ritmocordoba.com\/index.php?rest_route=%2Fwp%2Fv2%2Fmedia&parent=39502"}],"wp:term":[{"taxonomy":"category","embeddable":true,"href":"https:\/\/ritmocordoba.com\/index.php?rest_route=%2Fwp%2Fv2%2Fcategories&post=39502"},{"taxonomy":"post_tag","embeddable":true,"href":"https:\/\/ritmocordoba.com\/index.php?rest_route=%2Fwp%2Fv2%2Ftags&post=39502"}],"curies":[{"name":"wp","href":"https:\/\/api.w.org\/{rel}","templated":true}]}}