{"id":39480,"date":"2026-03-12T19:36:03","date_gmt":"2026-03-12T19:36:03","guid":{"rendered":"https:\/\/puntal-editorialfundamento.cms.api.thinkindot.com\/c253708"},"modified":"2026-03-12T19:36:03","modified_gmt":"2026-03-12T19:36:03","slug":"mario-nivoli-ucachense-desparecido-en-1977-es-la-identidad-de-uno-de-los-restos-humanos-hallados-en-la-perla","status":"publish","type":"post","link":"https:\/\/ritmocordoba.com\/?p=39480","title":{"rendered":"Mario N\u00edvoli, ucachense desparecido en 1977: es la identidad de uno de los restos humanos hallados en La Perla"},"content":{"rendered":"\n<div><img decoding=\"async\" src=\"http:\/\/ritmocordoba.com\/wp-content\/uploads\/2026\/03\/mario-nivoli-ucachense-desparecido-en-1977-es-la-identidad-de-uno-de-los-restos-humanos-hallados-en-la-perla.jpg\" class=\"ff-og-image-inserted\"><\/div>\n<div class=\"cuerpo\" data-twitter-link readability=\"17\">\n<p> N\u00edvoli hab\u00eda nacido en Ucacha, estudiaba Ingenier\u00eda Qu\u00edmica en la Universidad Nacional del Litoral y militaba en la Juventud Universitaria Peronista. Trabajaba como t\u00e9cnico electricista.<\/p>\n<p>Conocido como \u201cTito\u201d, fue secuestrado la madrugada del 14 de febrero de 1977 en su casa de barrio General Paz, en C\u00f3rdoba, frente a su familia. Ten\u00eda 29 a\u00f1os, un hijo de 2 a\u00f1os y una beb\u00e9 de apenas meses cuando fue trasladado al centro clandestino.<\/p>\n<\/div>\n","protected":false},"excerpt":{"rendered":"\n<p class=\"ignore-parser\">N\u00edvoli hab\u00eda nacido en Ucacha, estudiaba Ingenier\u00eda Qu\u00edmica en la Universidad Nacional del Litoral y militaba en la Juventud Universitaria Peronista<\/p>\n","protected":false},"author":1,"featured_media":39481,"comment_status":"closed","ping_status":"closed","sticky":false,"template":"","format":"standard","meta":{"footnotes":""},"categories":[26],"tags":[],"_links":{"self":[{"href":"https:\/\/ritmocordoba.com\/index.php?rest_route=\/wp\/v2\/posts\/39480"}],"collection":[{"href":"https:\/\/ritmocordoba.com\/index.php?rest_route=\/wp\/v2\/posts"}],"about":[{"href":"https:\/\/ritmocordoba.com\/index.php?rest_route=\/wp\/v2\/types\/post"}],"author":[{"embeddable":true,"href":"https:\/\/ritmocordoba.com\/index.php?rest_route=\/wp\/v2\/users\/1"}],"replies":[{"embeddable":true,"href":"https:\/\/ritmocordoba.com\/index.php?rest_route=%2Fwp%2Fv2%2Fcomments&post=39480"}],"version-history":[{"count":0,"href":"https:\/\/ritmocordoba.com\/index.php?rest_route=\/wp\/v2\/posts\/39480\/revisions"}],"wp:featuredmedia":[{"embeddable":true,"href":"https:\/\/ritmocordoba.com\/index.php?rest_route=\/wp\/v2\/media\/39481"}],"wp:attachment":[{"href":"https:\/\/ritmocordoba.com\/index.php?rest_route=%2Fwp%2Fv2%2Fmedia&parent=39480"}],"wp:term":[{"taxonomy":"category","embeddable":true,"href":"https:\/\/ritmocordoba.com\/index.php?rest_route=%2Fwp%2Fv2%2Fcategories&post=39480"},{"taxonomy":"post_tag","embeddable":true,"href":"https:\/\/ritmocordoba.com\/index.php?rest_route=%2Fwp%2Fv2%2Ftags&post=39480"}],"curies":[{"name":"wp","href":"https:\/\/api.w.org\/{rel}","templated":true}]}}