{"id":39478,"date":"2026-03-12T23:43:52","date_gmt":"2026-03-12T23:43:52","guid":{"rendered":"http:\/\/a17809626a1c3eadfbe6a4009d5ee4e0"},"modified":"2026-03-12T23:43:52","modified_gmt":"2026-03-12T23:43:52","slug":"los-gobernadores-aliados-rechazan-la-eliminacion-de-las-paso-que-impulsa-milei","status":"publish","type":"post","link":"https:\/\/ritmocordoba.com\/?p=39478","title":{"rendered":"Los gobernadores aliados rechazan la eliminaci\u00f3n de las PASO que impulsa Milei"},"content":{"rendered":"\n<div class=\"media_block\"><img decoding=\"async\" src=\"http:\/\/ritmocordoba.com\/wp-content\/uploads\/2026\/03\/los-gobernadores-aliados-rechazan-la-eliminacion-de-las-paso-que-impulsa-milei.jpg\"><\/div>\n<p>Los gobernadores aliados de la Casa Rosada avisan que no est\u00e1n dispuestos a acompa\u00f1ar el proyecto de eliminaci\u00f3n de las PASO que pretende impulsar Javier Milei desde el Congreso.<\/p>\n<p>Aunque todav\u00eda no se conocen los detalles de la iniciativa parlamentaria, los jefes provinciales piensan en las primarias obligatorias como una herramienta para ordenar la oferta electoral sin perder volumen pol\u00edtico ante el oficialismo.<\/p>\n<p>Los libertarios ya lograron suspender las PASO para el turno electoral anterior, bajo el argumento del car\u00e1cter oneroso para la administraci\u00f3n p\u00fablica. Pero esta vez ir\u00edan por su eliminaci\u00f3n, con el claro objetivo de quitarles a sus adversarios cualquier chance de mostrarse competitivos en 2027.<\/p>\n<p>Sin embargo, una ley electoral requiere mayor\u00eda absoluta de los miembros de ambas c\u00e1maras. O sea, Milei precisa el respaldo de 129 diputados y 37 senadores, que constituyen la mitad m\u00e1s uno de los miembros en cada c\u00e1mara.<\/p>\n<p><a href=\"https:\/\/www.lapoliticaonline.com\/tools\/redirect.php?t=3&amp;i=340955&amp;s=23d7b2e628702dee32b7020bf363faa0\" target=\"_blank\" class=\"link-type-content content-type-noticia-ar\" rel=\"noopener\">Los gobernadores molestos porque Milei no los recibi\u00f3 en Nueva York: &#8220;Se perdi\u00f3 una oportunidad pol\u00edtica&#8221;<\/a><\/p>\n<p>Como el Presidente cuenta con 95 legisladores en la C\u00e1mara Baja y 21 en el Senado, no podr\u00eda cumplir su objetivo sin el respaldo de las bancadas que responden a los gobernadores. <\/p>\n<p>En Diputados, esos votos est\u00e1n repartidos entre los bloques de Innovaci\u00f3n Federal, que responden al salte\u00f1o Gustavo S\u00e1enz y al misionero Rub\u00e9n Passalacqua, los catamarque\u00f1os de Ra\u00fal Jalil y los tucumanos de Osvaldo Jaldo. Adem\u00e1s habr\u00eda que contemplar la conducta de los cordobeses, los radicales y otras expresiones provinciales aglutinadas en Provincias Unidas o sueltas en monobloques.<\/p>\n<figure class=\"vsmimage\" contenteditable=\"false\"><img loading=\"lazy\" decoding=\"async\" alt=\"Bullrich y Mart\u00edn Menem.\" data-vsmid=\"277805\" data-owidth=\"1181\" data-oheight=\"820\" src=\"data:image\/png;base64,iVBORw0KGgoAAAANSUhEUgAAAx4AAAIoAQMAAADdoK95AAAAA1BMVEUAAACnej3aAAAAAXRSTlMAQObYZgAAAE1JREFUeJztwYEAAAAAw6D5U1\/gCFUBAAAAAAAAAAAAAAAAAAAAAAAAAAAAAAAAAAAAAAAAAAAAAAAAAAAAAAAAAAAAAAAAAAAAAAB8A9nIAAEPfAULAAAAAElFTkSuQmCC\" vsmidos=\"1\" vsmsrc=\"\/files\/image\/277\/277805\/697916bf7ba0a_798_552!.jpg?s=d08d5c44d3e2f94cf1961b7a7d189720&amp;d=1773359334\" width=\"798\" height=\"552\"><\/figure>\n<p>El PRO, por caso, no emiti\u00f3 una opini\u00f3n. Un diputado de ese espacio respondi\u00f3 a la consulta de LPO con prudencia, escud\u00e1ndose en que todav\u00eda no se sabe cu\u00e1l ser\u00e1 el contenido de la norma y tampoco hay informaci\u00f3n sobre la modificaci\u00f3n al financiamiento de los partidos que dejaron trascender.<\/p>\n<p>Desde el peronismo tambi\u00e9n se motraron cautelosos a la hora de opinar, pero existe una postura bastante extendida entre los liderados por Germ\u00e1n Mart\u00ednez acerca de la relevancia de las PASO y la utilidad para una fuerza pol\u00edtica cruzada por una interna cruda, entre Cristina Kirchner y La C\u00e1mpora contra Axel Kicillof, por un lado, y gobernadores del PJ, por otro.<\/p>\n<p class=\"authorquote\">Como el Presidente cuenta con 95 legisladores en la C\u00e1mara Baja y 21 en el Senado, no podr\u00eda cumplir su objetivo sin el respaldo de las bancadas que responden a los gobernadores.<\/p>\n<p>En concreto, a Mart\u00edn Menem le faltar\u00edan 35 votos para superar los 129 y, por el momento, parece una empresa dif\u00edcil de alcanzar.<\/p>\n<p>El caso del Senado tampoco resulta m\u00e1s sencillo. A los 21 que conduce Patricia Bulrich, habr\u00eda que agregar 16 m\u00e1s.<\/p>\n<p>La cuenta apunta a la pesca de los votos del correntino Carlos &#8220;Camau&#8221; Esp\u00ednola, la tucumana Beatriz \u00c1vila, la cordobesa Alejandra Vigo, la salte\u00f1a Flavia Roy\u00f3n, la neuquina Julieta Corroza, los dos misioneros, los dos santacruce\u00f1os y los 10 radicales. Los estrategas del oficialismo deber\u00e1n atender tambi\u00e9n a lo que considere el tr\u00edo de Carolina Mois\u00e9s, Guillermo Andrada y Sandra Mendoza, el grupo de senadores que se fue del interbloque peronista.<\/p>\n<p>Si bien Bullrich reuni\u00f3 hasta 42 votos para aprobar la reforma laboral en sesiones extraordinarias, la oposici\u00f3n y los gobernadores avisan que el n\u00famero habr\u00e1 que construirlo votaci\u00f3n por votaci\u00f3n. &#8220;No hay una mayor\u00eda autom\u00e1tica&#8221;, desliz\u00f3 un senador aliado ante LPO.&nbsp;<\/p>\n","protected":false},"excerpt":{"rendered":"\n<div class=\"media_block\"><img decoding=\"async\" src=\"http:\/\/ritmocordoba.com\/wp-content\/uploads\/2026\/03\/los-gobernadores-aliados-rechazan-la-eliminacion-de-las-paso-que-impulsa-milei.jpg\"><\/div>\n<p>Las primarias sirven a la oposici\u00f3n para ordenarse y dirimir sus candidaturas. El oficialismo prefiere a sus adversarios atomizados.  <\/p>\n","protected":false},"author":1,"featured_media":39479,"comment_status":"closed","ping_status":"closed","sticky":false,"template":"","format":"standard","meta":{"footnotes":""},"categories":[26],"tags":[],"_links":{"self":[{"href":"https:\/\/ritmocordoba.com\/index.php?rest_route=\/wp\/v2\/posts\/39478"}],"collection":[{"href":"https:\/\/ritmocordoba.com\/index.php?rest_route=\/wp\/v2\/posts"}],"about":[{"href":"https:\/\/ritmocordoba.com\/index.php?rest_route=\/wp\/v2\/types\/post"}],"author":[{"embeddable":true,"href":"https:\/\/ritmocordoba.com\/index.php?rest_route=\/wp\/v2\/users\/1"}],"replies":[{"embeddable":true,"href":"https:\/\/ritmocordoba.com\/index.php?rest_route=%2Fwp%2Fv2%2Fcomments&post=39478"}],"version-history":[{"count":0,"href":"https:\/\/ritmocordoba.com\/index.php?rest_route=\/wp\/v2\/posts\/39478\/revisions"}],"wp:featuredmedia":[{"embeddable":true,"href":"https:\/\/ritmocordoba.com\/index.php?rest_route=\/wp\/v2\/media\/39479"}],"wp:attachment":[{"href":"https:\/\/ritmocordoba.com\/index.php?rest_route=%2Fwp%2Fv2%2Fmedia&parent=39478"}],"wp:term":[{"taxonomy":"category","embeddable":true,"href":"https:\/\/ritmocordoba.com\/index.php?rest_route=%2Fwp%2Fv2%2Fcategories&post=39478"},{"taxonomy":"post_tag","embeddable":true,"href":"https:\/\/ritmocordoba.com\/index.php?rest_route=%2Fwp%2Fv2%2Ftags&post=39478"}],"curies":[{"name":"wp","href":"https:\/\/api.w.org\/{rel}","templated":true}]}}