{"id":39476,"date":"2026-03-11T21:41:28","date_gmt":"2026-03-11T21:41:28","guid":{"rendered":"http:\/\/69b1d7e6c1bdadc757cb70f0"},"modified":"2026-03-11T21:41:28","modified_gmt":"2026-03-11T21:41:28","slug":"claudio-toledo-llega-a-antartida-con-el-tano-romero-se-van-a-encontrar-con-muchisima-historia","status":"publish","type":"post","link":"https:\/\/ritmocordoba.com\/?p=39476","title":{"rendered":"Claudio Toledo llega a Ant\u00e1rtida con el Tano Romero: \u201cSe van a encontrar con much\u00edsima historia\u201d"},"content":{"rendered":"\n<div class=\"media_block\"><img decoding=\"async\" src=\"http:\/\/ritmocordoba.com\/wp-content\/uploads\/2026\/03\/claudio-toledo-llega-a-antartida-con-el-tano-romero-se-van-a-encontrar-con-muchisima-historia.jpg\"><\/div>\n<p><tadevel-ad sizes=\"336x280-300x300-300x250-300x200-300x100, 728x90-336x280-300x300-300x250-300x200-300x100 1024w\" slot-id=\"article-content-01\"><\/tadevel-ad><\/p>\n<p><strong>Claudio Toledo <\/strong>y el <strong>Tano Romero <\/strong>volver\u00e1n a compartir escenario en San Francisco este <strong>viernes 13 de marzo<\/strong>, cuando se presenten en el sal\u00f3n del Club Ant\u00e1rtida Argentina con un baile de formato XL que reunir\u00e1 a dos referentes del cuarteto.<\/p>\n<p>La propuesta, que impulsa <strong>RC Producciones<\/strong>, reunir\u00e1 a ambos cantantes en una noche bajo el concepto \u201cbatalla de \u00e9xitos\u201d, con presentaciones alternadas de cada artista.<\/p>\n<p><tadevel-ad sizes=\"336x280-300x300-300x250-300x200-300x100, 728x90-336x280-300x300-300x250-300x200-300x100 1024w\" slot-id=\"article-content-02\"><\/tadevel-ad><\/p>\n<p>En di\u00e1logo con <strong>La Ma\u00f1ana de El Peri\u00f3dico<\/strong>, Toledo explic\u00f3 que el formato apunta a recrear los bailes extensos que caracterizaron distintas etapas del g\u00e9nero. \u201cEl concepto de XL tiene que ver con esos bailes interminables. Tratamos de elegir un repertorio muy especial para que podamos disfrutar, sobre todo el p\u00fablico que nos sigui\u00f3 en ese tiempo\u201d, se\u00f1al\u00f3.<\/p>\n<figure class=\"multimedia\" data-html data-tadevel-template=\"web\/multimedia\" data-type=\"video\" data-url=\"https:\/\/www.facebook.com\/elperiodicosf\/videos\/claudio-toledo-y-el-tano-romero-vuelven-a-compartir-escenario-en-san-francisco\/946690681645177\/\">\n<div class=\"content\">\n<div class=\"sizer\" data-sizer=\"aspect-ratio\" data-tadevel-template=\"web\/aspect-ratio\">\n<div class=\"backdrop\" data-tadevel-template=\"web\/backdrop\">\n<div data-facade-target=\"[data-tadevel-template=&quot;web\/aspect-ratio&quot;]\" class=\"facade\" data-tadevel-template=\"web\/multimedia-facade\"><button aria-label=\"Reproducir video\" class=\"run\"><svg preserveAspectRatio=\"xMidYMid meet\" viewBox=\"0 0 24 24\" focusable=\"false\"><path d=\"M8 5v14l11-7z\" \/><\/svg><\/button><template><tadevel-sandbox src=\"https:\/\/periodico-app.tadevel-cdn.com\/hostname\/el-periodico.com.ar\/api\/v1\/sandbox\/PGRpdiBjbGFzcz0iaWZyYW1lbHktZW1iZWQiPjxkaXYgY2xhc3M9ImlmcmFtZWx5LXJlc3BvbnNpdmUiIHN0eWxlPSJwYWRkaW5nLWJvdHRvbTogNTYuMzQwNiU7Ij48YSBocmVmPSJodHRwczovL3d3dy5mYWNlYm9vay5jb20vZWxwZXJpb2RpY29zZi92aWRlb3MvY2xhdWRpby10b2xlZG8teS1lbC10YW5vLXJvbWVyby12dWVsdmVuLWEtY29tcGFydGlyLWVzY2VuYXJpby1lbi1zYW4tZnJhbmNpc2NvLzk0NjY5MDY4MTY0NTE3Ny8iIGRhdGEtaWZyYW1lbHktdXJsPSIvL2lmLWNkbi5jb20vbzRQbVFqRko%2FY29uc2VudD0wIj48L2E%2BPC9kaXY%2BPC9kaXY%2BPHNjcmlwdCBhc3luYyBzcmM9Ii8vaWYtY2RuLmNvbS9lbWJlZC5qcyIgY2hhcnNldD0idXRmLTgiPjwvc2NyaXB0Pg%3D%3D?v=ca0854f4677c3ef84e65c001a64eb92d&amp;s=6ff48b1d2c2391c36f1862d76f1e0f06\" data-tadevel-template=\"web\/sandbox\"><\/tadevel-sandbox><\/template><\/div>\n<\/div>\n<\/div>\n<\/div><figcaption class=\"caption\">\n<div class=\"description\">Claudio Toledo y Tano Romero volver\u00e1n a presentarse juntos en San&#8230;<\/div>\n<\/figcaption><\/figure>\n<p><tadevel-ad sizes=\"336x280-300x300-300x250-300x200-300x100, 728x90-336x280-300x300-300x250-300x200-300x100 1024w\" slot-id=\"article-content-03\"><\/tadevel-ad><\/p>\n<p>El baile se desarrollar\u00e1 en el sal\u00f3n ubicado en <strong>Juan de Garay 4500 <\/strong>y est\u00e1 anunciado con cuatro selecciones a lo largo de la madrugada, en un formato que prev\u00e9 m\u00fasica de 1 a 5. El repertorio estar\u00e1 centrado en cl\u00e1sicos del cuarteto que marcaron distintas etapas de sus trayectorias.<\/p>\n<p>Toledo adelant\u00f3 que adem\u00e1s de selecciones alternadas, durante la noche habr\u00e1 momentos en los que ambos compartir\u00e1n el escenario. <strong>\u201cLa tem\u00e1tica es esa: una selecci\u00f3n cada uno y obviamente vamos a estar interactuando. Yo voy a estar cantando junto al Tano en un momento de la noche y \u00e9l va a subir con mi banda tambi\u00e9n\u201d, explic\u00f3.<\/strong><\/p>\n<p><tadevel-ad sizes=\"336x280-300x300-300x250-300x200-300x100, 728x90-336x280-300x300-300x250-300x200-300x100 1024w\" slot-id=\"article-content-04\"><\/tadevel-ad><\/p>\n<figure class=\"multimedia\" data-tadevel-template=\"web\/multimedia\" data-type=\"photo\">\n<div class=\"content\">\n<div class=\"sizer\" data-sizer=\"aspect-ratio\" data-tadevel-template=\"web\/aspect-ratio\"><picture data-tadevel-template=\"web\/picture\"><source sizes=\"(min-device-width: 768px) 768px, 200px\" srcset=\"http:\/\/ritmocordoba.com\/wp-content\/uploads\/2026\/03\/claudio-toledo-llega-a-antartida-con-el-tano-romero-se-van-a-encontrar-con-muchisima-historia.webp 144w, http:\/\/ritmocordoba.com\/wp-content\/uploads\/2026\/03\/claudio-toledo-llega-a-antartida-con-el-tano-romero-se-van-a-encontrar-con-muchisima-historia-1.webp 288w, https:\/\/periodico-assets.tadevel-cdn.com\/69b1e04fc1bdadc757cbc8b7\/720.webp 576w\" type=\"image\/webp\"><source sizes=\"(min-device-width: 768px) 768px, 200px\" srcset=\"https:\/\/periodico-assets.tadevel-cdn.com\/69b1e04fc1bdadc757cbc8b7\/720.jpeg 576w\" type=\"image\/jpeg\"><img alt=\"Claudio Toledo llega a Ant\u00e1rtida con el Tano Romero: \u201cSe van a encontrar con much\u00edsima historia\u201d\" loading=\"lazy\"><x-picture-helper><\/x-picture-helper><\/picture><\/div>\n<\/div>\n<\/figure>\n<p>Seg\u00fan el cantante, la idea responde a lo que el p\u00fablico suele pedir en este tipo de encuentros. <strong>\u201cLa gente nos quiere ver juntos y apostamos a eso\u201d<\/strong>, afirm\u00f3.<\/p>\n<p><tadevel-ad sizes=\"336x280-300x300-300x250-300x200-300x100, 728x90-336x280-300x300-300x250-300x200-300x100 1024w\" slot-id=\"article-content-05\"><\/tadevel-ad><\/p>\n<p>Durante la entrevista, Toledo tambi\u00e9n destac\u00f3 el v\u00ednculo personal que mantiene con Romero, con quien comparti\u00f3 distintas etapas dentro del cuarteto.<\/p>\n<p>\u201cEn lo personal es algo maravilloso, es una bendici\u00f3n poder contar siempre con el Tano. <strong>M\u00e1s all\u00e1 de que hace tiempo no nos ve\u00edan arriba de un escenario juntos, con \u00e9l nos seguimos viendo siempre y nuestras familias tambi\u00e9n son muy amigas<\/strong>\u201d, expres\u00f3.<\/p>\n<h3>Treinta a\u00f1os de cuarteto<\/h3>\n<p><tadevel-ad sizes=\"336x280-300x300-300x250-300x200-300x100, 728x90-336x280-300x300-300x250-300x200-300x100 1024w\" slot-id=\"article-content-06\"><\/tadevel-ad><\/p>\n<p>En los \u00faltimos d\u00edas, Toledo tambi\u00e9n comparti\u00f3 en sus redes sociales un video en el que repas\u00f3 tres d\u00e9cadas de trayectoria en la m\u00fasica.&nbsp;<\/p>\n<p>El cantante explic\u00f3 que el texto que acompa\u00f1a la publicaci\u00f3n surgi\u00f3 durante un viaje y que fue pensado como un mensaje de agradecimiento. \u201cFue una hermosa inspiraci\u00f3n. <strong>Es un agradecimiento a toda la gente que me acompa\u00f1a, que me acompa\u00f1\u00f3 y que me sigue acompa\u00f1ando<\/strong>\u201d, cont\u00f3.<\/p>\n<p><tadevel-ad sizes=\"336x280-300x300-300x250-300x200-300x100, 728x90-336x280-300x300-300x250-300x200-300x100 1024w\" slot-id=\"article-content-07\"><\/tadevel-ad><\/p>\n<figure class=\"multimedia\" data-html data-tadevel-template=\"web\/multimedia\" data-type=\"rich\" data-url=\"https:\/\/www.instagram.com\/claudiotoledo1818\/reel\/DVW5FvEERsQ\/\"><figcaption class=\"caption\">\n<div class=\"description\">Claudio Toledo on Instagram: &#8220;\ud83c\udfa4\ud83c\udfb630 A\u00d1OS La historia se sigue escribi\u00e9ndo\u2026. . #eltole #30A\u00f1os #cuarteto #claudiotoledo #graciastotales\u2764\ufe0f&#8221;<\/div>\n<\/figcaption><\/figure>\n<p>El artista destac\u00f3 adem\u00e1s el trabajo cotidiano con su equipo. \u201c<strong>Anoche estuvimos ensayando hasta la una y media de la ma\u00f1ana y est\u00e1n firmes mis m\u00fasicos y el staff. Son cosas que me llenan el alma<\/strong>\u201d, se\u00f1al\u00f3.<\/p>\n<p><tadevel-ad sizes=\"336x280-300x300-300x250-300x200-300x100, 728x90-336x280-300x300-300x250-300x200-300x100 1024w\" slot-id=\"article-content-08\"><\/tadevel-ad><\/p>\n<p>En ese balance personal, Toledo asegur\u00f3 que hoy vive la m\u00fasica desde otro lugar. \u201cHoy sent\u00eds m\u00e1s las cosas, est\u00e1 todo m\u00e1s sentimental, m\u00e1s emotivo\u201d, expres\u00f3.<\/p>\n<p>Tambi\u00e9n dej\u00f3 un mensaje para quienes siguen apostando a la m\u00fasica: \u201c<strong>Los sue\u00f1os no envejecen. Mi sue\u00f1o es seguir teniendo a mis hijos en la banda, que sigan luchando a la par m\u00eda y que podamos vivir de esto, de la m\u00fasica que tanto amamos<\/strong>\u201d.<\/p>\n<p><a rel=\"noopener nofollow\" href=\"https:\/\/www.masentrada.app\/events\/claudio-toledo-tano-romero-san-francisco\" target=\"_blank\">Las entradas se encuentran disponible a trav\u00e9s de la plataforma Tikzet<\/a>. El evento es organizado por <strong>RC Producciones<\/strong>.<\/p>\n<p><tadevel-ad sizes=\"336x280-300x300-300x250-300x200-300x100, 728x90-336x280-300x300-300x250-300x200-300x100 1024w\" slot-id=\"article-content-09\"><\/tadevel-ad> <\/p>\n","protected":false},"excerpt":{"rendered":"\n<div class=\"media_block\"><img decoding=\"async\" src=\"http:\/\/ritmocordoba.com\/wp-content\/uploads\/2026\/03\/claudio-toledo-llega-a-antartida-con-el-tano-romero-se-van-a-encontrar-con-muchisima-historia.jpg\"><\/div>\n<p>Los cantantes se presentar\u00e1n el viernes 13 de marzo en el sal\u00f3n del Club Ant\u00e1rtida Argentina con un baile XL que incluir\u00e1 cuatro selecciones durante la madrugada, bajo el formato \u201cbatalla de \u00e9xitos\u201d.  <\/p>\n","protected":false},"author":1,"featured_media":39477,"comment_status":"closed","ping_status":"closed","sticky":false,"template":"","format":"standard","meta":{"footnotes":""},"categories":[19],"tags":[],"_links":{"self":[{"href":"https:\/\/ritmocordoba.com\/index.php?rest_route=\/wp\/v2\/posts\/39476"}],"collection":[{"href":"https:\/\/ritmocordoba.com\/index.php?rest_route=\/wp\/v2\/posts"}],"about":[{"href":"https:\/\/ritmocordoba.com\/index.php?rest_route=\/wp\/v2\/types\/post"}],"author":[{"embeddable":true,"href":"https:\/\/ritmocordoba.com\/index.php?rest_route=\/wp\/v2\/users\/1"}],"replies":[{"embeddable":true,"href":"https:\/\/ritmocordoba.com\/index.php?rest_route=%2Fwp%2Fv2%2Fcomments&post=39476"}],"version-history":[{"count":0,"href":"https:\/\/ritmocordoba.com\/index.php?rest_route=\/wp\/v2\/posts\/39476\/revisions"}],"wp:featuredmedia":[{"embeddable":true,"href":"https:\/\/ritmocordoba.com\/index.php?rest_route=\/wp\/v2\/media\/39477"}],"wp:attachment":[{"href":"https:\/\/ritmocordoba.com\/index.php?rest_route=%2Fwp%2Fv2%2Fmedia&parent=39476"}],"wp:term":[{"taxonomy":"category","embeddable":true,"href":"https:\/\/ritmocordoba.com\/index.php?rest_route=%2Fwp%2Fv2%2Fcategories&post=39476"},{"taxonomy":"post_tag","embeddable":true,"href":"https:\/\/ritmocordoba.com\/index.php?rest_route=%2Fwp%2Fv2%2Ftags&post=39476"}],"curies":[{"name":"wp","href":"https:\/\/api.w.org\/{rel}","templated":true}]}}